{"id":23120,"date":"2023-01-13T09:51:00","date_gmt":"2023-01-13T08:51:00","guid":{"rendered":"https:\/\/christusnews.de\/site\/pfarrer-von-lindern-gibt-sein-amt-doch-auf\/"},"modified":"2023-01-17T10:17:25","modified_gmt":"2023-01-17T09:17:25","slug":"pfarrer-von-lindern-gibt-sein-amt-doch-auf","status":"publish","type":"post","link":"https:\/\/christusnews.de\/site\/pfarrer-von-lindern-gibt-sein-amt-doch-auf\/","title":{"rendered":"Pfarrer von Lindern gibt sein Amt doch auf"},"content":{"rendered":"<p class=\"MsoPlainText\">Cloppenburg\/Vechta (epd). Der wegen grenzverletzenden Verhaltens beurlaubte katholische Pfarrer von Lindern bei Cloppenburg hat sein Amt nun doch aufgegeben. In der vergangenen Woche hatte das Bisch\u00f6fliche Offizialat in Vechta noch erkl\u00e4rt, der Mann k\u00f6nne entgegen dem Willen von Bischof Felix Genn aus M\u00fcnster unter Auflagen in seine Gemeinde zur\u00fcckkehren. Unter anderem wurde ihm auferlegt, vier Jahre lang keinerlei Einzelkontakt mit jungen Frauen bis zum Alter von 27 Jahren zu haben, weder im Pfarrhaus noch in sonstigen seelsorglichen Situationen der Gemeinde.<\/p>\n<p class=\"MsoPlainText\">&nbsp;<\/p>\n<p class=\"MsoPlainText\">Der Priester habe aber am Freitag seinen R\u00fccktritt erkl\u00e4rt, teilte das Offizialat in Vechta mit. Bischof Genn habe das Gesuch sofort akzeptiert. Der Pfarrer war den Angaben zufolge im vergangenen Fr\u00fchjahr wegen eines nicht n\u00e4her genannten Vorfalls im Jahr 2010 beurlaubt worden. Aufgrund von Medienberichten habe sich danach noch eine zweite Person gemeldet, die \u00e4hnliches erlebt habe.<\/p>\n<p class=\"MsoPlainText\">&nbsp;<\/p>\n<p class=\"MsoPlainText\">Die nachfolgenden Untersuchungen h\u00e4tten jedoch keine neuen Anhaltspunkte f\u00fcr straf- oder kirchenrechtliche Sanktionen ergeben. Dennoch hatten Bischof Genn und diverse Gremien den Priester zu einem Amtsverzicht aufgerufen. Weil der Pfarrer trotzdem in sein Amt zur\u00fcckkehren wollte, hatte Bischof Genn die Auflagen erlassen. Der Offizialatsbezirk Oldenburg mit Sitz in Vechta ist Teil des katholischen Bistums M\u00fcnster.<\/p>\n<p>Kirche-Oldenburg<br \/>\n<a href=\"https:\/\/www.kirche-oldenburg.de\/\/aktuell\/news-niedersachsen\/artikel\/pfarrer-von-lindern-gibt-sein-amt-doch-auf\" target=\"_blank\" rel=\"noopener\">Pfarrer von Lindern gibt sein Amt doch auf<\/a><\/p>\n","protected":false},"excerpt":{"rendered":"<p>Cloppenburg\/Vechta (epd). Der wegen grenzverletzenden Verhaltens beurlaubte katholische Pfarrer von Lindern bei Cloppenburg hat sein Amt nun doch aufgegeben. In der vergangenen Woche hatte das Bisch\u00f6fliche Offizialat in Vechta noch erkl\u00e4rt, der Mann k\u00f6nne entgegen dem Willen von Bischof Felix Genn aus M\u00fcnster unter Auflagen in seine Gemeinde zur\u00fcckkehren. Unter anderem wurde ihm auferlegt, vier Jahre lang keinerlei Einzelkontakt mit jungen Frauen bis zum Alter von 27 Jahren zu haben, weder im Pfarrhaus noch in sonstigen seelsorglichen Situationen der Gemeinde. &nbsp; Der Priester habe aber am Freitag seinen R\u00fccktritt erkl\u00e4rt, teilte das Offizialat in Vechta mit. Bischof Genn habe das&#8230;<\/p>\n","protected":false},"author":7,"featured_media":0,"comment_status":"false","ping_status":"open","sticky":false,"template":"","format":"standard","meta":{"footnotes":""},"categories":[43],"tags":[44],"class_list":["post-23120","post","type-post","status-publish","format-standard","hentry","category-kirche-oldenburg","tag-kirche-oldenburg"],"_links":{"self":[{"href":"https:\/\/christusnews.de\/site\/wp-json\/wp\/v2\/posts\/23120","targetHints":{"allow":["GET"]}}],"collection":[{"href":"https:\/\/christusnews.de\/site\/wp-json\/wp\/v2\/posts"}],"about":[{"href":"https:\/\/christusnews.de\/site\/wp-json\/wp\/v2\/types\/post"}],"author":[{"embeddable":true,"href":"https:\/\/christusnews.de\/site\/wp-json\/wp\/v2\/users\/7"}],"replies":[{"embeddable":true,"href":"https:\/\/christusnews.de\/site\/wp-json\/wp\/v2\/comments?post=23120"}],"version-history":[{"count":1,"href":"https:\/\/christusnews.de\/site\/wp-json\/wp\/v2\/posts\/23120\/revisions"}],"predecessor-version":[{"id":23121,"href":"https:\/\/christusnews.de\/site\/wp-json\/wp\/v2\/posts\/23120\/revisions\/23121"}],"wp:attachment":[{"href":"https:\/\/christusnews.de\/site\/wp-json\/wp\/v2\/media?parent=23120"}],"wp:term":[{"taxonomy":"category","embeddable":true,"href":"https:\/\/christusnews.de\/site\/wp-json\/wp\/v2\/categories?post=23120"},{"taxonomy":"post_tag","embeddable":true,"href":"https:\/\/christusnews.de\/site\/wp-json\/wp\/v2\/tags?post=23120"}],"curies":[{"name":"wp","href":"https:\/\/api.w.org\/{rel}","templated":true}]}}