{"id":23143,"date":"2023-01-19T11:58:30","date_gmt":"2023-01-19T10:58:30","guid":{"rendered":"https:\/\/christusnews.de\/site\/diakonisches-werk-erinnert-an-landespfarrer-i-r-dr-hans-ulrich-minke\/"},"modified":"2023-01-19T22:17:39","modified_gmt":"2023-01-19T21:17:39","slug":"diakonisches-werk-erinnert-an-landespfarrer-i-r-dr-hans-ulrich-minke","status":"publish","type":"post","link":"https:\/\/christusnews.de\/site\/diakonisches-werk-erinnert-an-landespfarrer-i-r-dr-hans-ulrich-minke\/","title":{"rendered":"Diakonisches Werk erinnert an Landespfarrer i.R. Dr. Hans-Ulrich Minke"},"content":{"rendered":"<p>Pfarrer i. R. Dr. Hans-Ulrich Minke pr\u00e4gte von 1982 bis 1999 als Landespfarrer f\u00fcr Diakonie das Diakonische Werk der Ev.-Luth. Kirche in Oldenburg. Am 11. Januar 2023 ist Hans-Ulrich Minke im Alter von 86 Jahren verstorben. An diesem Freitag um 11 Uhr findet der Trauergottesdienst in der St. Lambertikirche in Oldenburg statt. Die Diakonie im Oldenburger Land und die Ev.-Luth. Kirche in Oldenburg nehmen Abschied von einem wichtigen Motor der sozialen Arbeit der Kirche in der Region.<br \/>\n&nbsp; &nbsp;<br \/>\n\u201eAus einer Reihe eindr\u00fccklicher Begegnungen ist mir Pfarrer i. R. Dr. Minke als Mann mit klarem theologischen und deshalb auch diakonischem Profil in Erinnerung. Seine breite Vernetzung in alle Teile der Gesellschaft hat eine Basis gelegt, auf die diakonische Arbeit im Oldenburger Land bis heute bauen kann. Daf\u00fcr sind wir ihm von Herzen dankbar\u201c, sagt Diakonie-Vorstand Thomas Feld.<br \/>\n&nbsp; &nbsp;<br \/>\nMit seinem Engagement f\u00fcr die Diakonie unserer Kirche aber auch f\u00fcr die oldenburgische Kirche insgesamt hat Pfarrer i. R. Dr. Minke einen wertvollen Dienst am Evangelium geleistet und Generationen gepr\u00e4gt. Bis heute schaut die Ev.-Luth. Kirche in Oldenburg dankbar darauf zur\u00fcck.\u201c, w\u00fcrdigt Oberkirchenrat Detlef Mucks-B\u00fcker das Wirken Minkes.<br \/>\n&nbsp; &nbsp;<br \/>\nAls Landespfarrer f\u00fcr Diakonie und Direktor des Diakonischen Werkes der Ev.-Luth. Kirche in Oldenburg initiierte Hans-Ulrich Minke viele Bauvorhaben, in denen heute noch diakonische Arbeit fortgef\u00fchrt wird. Dazu geh\u00f6ren unter anderem das P\u00e4dagogisch-Therapeutische Zentrum am Borchersweg in Oldenburg, die Fachkliniken in Ahlhorn und Neerstedt und das Oldenburger Kinderzentrum.<br \/>\n&nbsp; &nbsp;<br \/>\nHans-Ulrich Minke engagierte sich auch \u00fcber das Oldenburger Land hinaus. Er war Sprecher der Diakonie in Niedersachsen und Pr\u00e4sident der Synode der Konf\u00f6deration evangelischer Kirchen in Niedersachsen. In einem Interview mit der Nordwest-Zeitung zu seiner Verabschiedung in den Ruhestand 1999 nannte Minke vier Punkte, die er f\u00fcr seine Arbeit als essentiell betrachtete: Die Koordination kirchlicher und diakonischer Arbeit, die \u00dcbertragung der Verantwortung auf Mitarbeitende, die Kontaktpflege zu Beh\u00f6rden und Institutionen und die Anbindung der Diakonie an seine Kirche. Er betrachtete sich als Integrationsfigur, die das Soziale der Kirche repr\u00e4sentierte.<br \/>\n&nbsp; &nbsp;<br \/>\nAuch mit seiner Pensionierung 1999 endete sein Wirken f\u00fcr Oldenburg nicht. 2002 \u00fcbernahm er die Leitung der Arbeitsgemeinschaft Vertriebene der Oldenburgischen Landschaft.<br \/>\n&nbsp; &nbsp;<br \/>\nGeboren wurde Hans-Ulrich Minke am 24. Juni 1936 in Liegnitz (Schlesien) als Sohn des Landwirts Helmut Minke und seiner Frau Dora. Im Februar 1945 musste er mit seiner Mutter fl\u00fcchten. \u00dcber verschiedene Stationen gelangte er zum Vater, der sich als Soldat ins Ammerland hatte entlassen lassen. 1956 machte er in Westerstede Abitur. Anschlie\u00dfend studierte er Evangelische Theologie in Bethel, Heidelberg und Hamburg. In Hamburg lernte er seine sp\u00e4tere Frau Ruth Eurich kennen.<br \/>\n&nbsp; &nbsp;<br \/>\nNach dem Ersten theologischen Examen und der Promotion wurde Hans-Ulrich Minke 1966 zun\u00e4chst Pfarrvikar und sp\u00e4ter Pastor in der Kirchengemeinde WilhelmshavenBant. Dort war er als Gemeindepastor t\u00e4tig, bis er 1982 Landespfarrer f\u00fcr Diakonie wurde. \u201eHans-Ulrich Minke hat fr\u00fch erkannt, dass die gesellschaftlich-soziale Wirklichkeit in einer Hafen- und Industriestadt wie Wilhelmshaven f\u00fcr das Leben der Menschen wie auch f\u00fcr die Arbeit der Kirche in ihren Gemeinden vor Ort eine immerw\u00e4hrende Herausforderung darstellten. Den sich daraus ergebenden Aufgaben hat Minke sich gestellt, indem er im Dezember 1967 zum Pfarrer der Kirchengemeinde Bant berufen wurde. Aus seinen Erfahrungen im Pfarramt, die sowohl das ganz allt\u00e4gliche Leben betrafen wie auch mit stetigem Strukturwandel einhergingen, erwuchs f\u00fcr Pfarrer Dr. Hans-Ulrich Minke jenes diakonische Denken und Handeln, das ihn schlie\u00dflich in das Amt des Landespfarrers f\u00fcr Diakonie der Ev.-Luth. Kirche in Oldenburg f\u00fchrte, so Oberkirchenrat Mucks-B\u00fcker.&nbsp;<\/p>\n<p>Kirche-Oldenburg<br \/>\n<a href=\"https:\/\/www.kirche-oldenburg.de\/\/aktuell\/pressemitteilungen\/artikel\/diakonisches-werk-erinnert-an-landespfarrer-ir-dr-hans-ulrich-minke\" target=\"_blank\" rel=\"noopener\">Diakonisches Werk erinnert an Landespfarrer i.R. Dr. Hans-Ulrich Minke<\/a><\/p>\n","protected":false},"excerpt":{"rendered":"<p>Pfarrer i. R. Dr. Hans-Ulrich Minke pr\u00e4gte von 1982 bis 1999 als Landespfarrer f\u00fcr Diakonie das Diakonische Werk der Ev.-Luth. Kirche in Oldenburg. Am 11. Januar 2023 ist Hans-Ulrich Minke im Alter von 86 Jahren verstorben. An diesem Freitag um 11 Uhr findet der Trauergottesdienst in der St. Lambertikirche in Oldenburg statt. Die Diakonie im Oldenburger Land und die Ev.-Luth. Kirche in Oldenburg nehmen Abschied von einem wichtigen Motor der sozialen Arbeit der Kirche in der Region. &nbsp; &nbsp; \u201eAus einer Reihe eindr\u00fccklicher Begegnungen ist mir Pfarrer i. R. Dr. Minke als Mann mit klarem theologischen und deshalb auch diakonischem&#8230;<\/p>\n","protected":false},"author":7,"featured_media":0,"comment_status":"false","ping_status":"open","sticky":false,"template":"","format":"standard","meta":{"footnotes":""},"categories":[43],"tags":[44],"class_list":["post-23143","post","type-post","status-publish","format-standard","hentry","category-kirche-oldenburg","tag-kirche-oldenburg"],"_links":{"self":[{"href":"https:\/\/christusnews.de\/site\/wp-json\/wp\/v2\/posts\/23143","targetHints":{"allow":["GET"]}}],"collection":[{"href":"https:\/\/christusnews.de\/site\/wp-json\/wp\/v2\/posts"}],"about":[{"href":"https:\/\/christusnews.de\/site\/wp-json\/wp\/v2\/types\/post"}],"author":[{"embeddable":true,"href":"https:\/\/christusnews.de\/site\/wp-json\/wp\/v2\/users\/7"}],"replies":[{"embeddable":true,"href":"https:\/\/christusnews.de\/site\/wp-json\/wp\/v2\/comments?post=23143"}],"version-history":[{"count":1,"href":"https:\/\/christusnews.de\/site\/wp-json\/wp\/v2\/posts\/23143\/revisions"}],"predecessor-version":[{"id":23144,"href":"https:\/\/christusnews.de\/site\/wp-json\/wp\/v2\/posts\/23143\/revisions\/23144"}],"wp:attachment":[{"href":"https:\/\/christusnews.de\/site\/wp-json\/wp\/v2\/media?parent=23143"}],"wp:term":[{"taxonomy":"category","embeddable":true,"href":"https:\/\/christusnews.de\/site\/wp-json\/wp\/v2\/categories?post=23143"},{"taxonomy":"post_tag","embeddable":true,"href":"https:\/\/christusnews.de\/site\/wp-json\/wp\/v2\/tags?post=23143"}],"curies":[{"name":"wp","href":"https:\/\/api.w.org\/{rel}","templated":true}]}}