{"id":23147,"date":"2023-01-19T08:17:00","date_gmt":"2023-01-19T07:17:00","guid":{"rendered":"https:\/\/christusnews.de\/site\/bischof-selter-ruft-zu-teilnahme-an-friedenskette-auf\/"},"modified":"2023-01-20T10:17:23","modified_gmt":"2023-01-20T09:17:23","slug":"bischof-selter-ruft-zu-teilnahme-an-friedenskette-auf","status":"publish","type":"post","link":"https:\/\/christusnews.de\/site\/bischof-selter-ruft-zu-teilnahme-an-friedenskette-auf\/","title":{"rendered":"Bischof Selter ruft zu Teilnahme an Friedenskette auf"},"content":{"rendered":"<p class=\"MsoPlainText\">Osnabr\u00fcck\/M\u00fcnster (epd). Der evangelische Regionalbischof Friedrich Selter ruft zur Teilnahme an der Friedenskette zwischen Osnabr\u00fcck und M\u00fcnster auf. \u00abEine Menschenkette f\u00fcr den Frieden ist ein starkes Zeichen: Wir wollen Frieden\u00bb, sagte der Osnabr\u00fccker Bischof am Donnerstag. Anlass der Demonstration am 24. Februar ist der Jahrestag des russischen \u00dcberfalls auf die Ukraine.<\/p>\n<p class=\"MsoPlainText\">&nbsp;<\/p>\n<p class=\"MsoPlainText\">\u00abHier braucht es jetzt endlich Friedensverhandlungen\u00bb, sagte Selter mit Blick auf das osteurop\u00e4ische Land. Die Kette solle verdeutlichen: \u00abNur Hand in Hand k\u00f6nnen wir die aktuellen Herausforderungen meistern.\u00bb Die Kundgebung sei zudem \u00abeine gegenseitige Versicherung, auch der Hoffnung\u00bb.<\/p>\n<p class=\"MsoPlainText\">&nbsp;<\/p>\n<p class=\"MsoPlainText\">Nach Angaben der Initiatoren soll die 50 Kilometer lange Kette dem Weg der Friedensreiter bei den Verhandlungen des Westf\u00e4lischen Friedens vor 375 Jahren folgen. Damals brachten die Reiter Botschaften zwischen den Rath\u00e4usern der beiden St\u00e4dte hin und her. In den Friedenss\u00e4len beider St\u00e4dte wurde der Friedensschluss unterzeichnet, der 1648 den 30-j\u00e4hrigen Krieg beendete.<\/p>\n<p class=\"MsoPlainText\">&nbsp;<\/p>\n<p class=\"MsoPlainText\">M\u00fcnster und Osnabr\u00fcck organisieren nach 2003 bereits zum zweiten Mal eine solche Kundgebung. Damals demonstrierten die Friedensaktivisten angesichts des Irakkriegs. Gut 50.000 Menschen sind den Angaben zufolge n\u00f6tig, um die Kette zu schlie\u00dfen.<\/p>\n<p>Kirche-Oldenburg<br \/>\n<a href=\"https:\/\/www.kirche-oldenburg.de\/\/aktuell\/news-niedersachsen\/artikel\/bischof-selter-ruft-zu-teilnahme-an-friedenskette-auf\" target=\"_blank\" rel=\"noopener\">Bischof Selter ruft zu Teilnahme an Friedenskette auf<\/a><\/p>\n","protected":false},"excerpt":{"rendered":"<p>Osnabr\u00fcck\/M\u00fcnster (epd). Der evangelische Regionalbischof Friedrich Selter ruft zur Teilnahme an der Friedenskette zwischen Osnabr\u00fcck und M\u00fcnster auf. \u00abEine Menschenkette f\u00fcr den Frieden ist ein starkes Zeichen: Wir wollen Frieden\u00bb, sagte der Osnabr\u00fccker Bischof am Donnerstag. Anlass der Demonstration am 24. Februar ist der Jahrestag des russischen \u00dcberfalls auf die Ukraine. &nbsp; \u00abHier braucht es jetzt endlich Friedensverhandlungen\u00bb, sagte Selter mit Blick auf das osteurop\u00e4ische Land. Die Kette solle verdeutlichen: \u00abNur Hand in Hand k\u00f6nnen wir die aktuellen Herausforderungen meistern.\u00bb Die Kundgebung sei zudem \u00abeine gegenseitige Versicherung, auch der Hoffnung\u00bb. &nbsp; Nach Angaben der Initiatoren soll die 50 Kilometer lange&#8230;<\/p>\n","protected":false},"author":7,"featured_media":0,"comment_status":"false","ping_status":"open","sticky":false,"template":"","format":"standard","meta":{"footnotes":""},"categories":[43],"tags":[44],"class_list":["post-23147","post","type-post","status-publish","format-standard","hentry","category-kirche-oldenburg","tag-kirche-oldenburg"],"_links":{"self":[{"href":"https:\/\/christusnews.de\/site\/wp-json\/wp\/v2\/posts\/23147","targetHints":{"allow":["GET"]}}],"collection":[{"href":"https:\/\/christusnews.de\/site\/wp-json\/wp\/v2\/posts"}],"about":[{"href":"https:\/\/christusnews.de\/site\/wp-json\/wp\/v2\/types\/post"}],"author":[{"embeddable":true,"href":"https:\/\/christusnews.de\/site\/wp-json\/wp\/v2\/users\/7"}],"replies":[{"embeddable":true,"href":"https:\/\/christusnews.de\/site\/wp-json\/wp\/v2\/comments?post=23147"}],"version-history":[{"count":1,"href":"https:\/\/christusnews.de\/site\/wp-json\/wp\/v2\/posts\/23147\/revisions"}],"predecessor-version":[{"id":23148,"href":"https:\/\/christusnews.de\/site\/wp-json\/wp\/v2\/posts\/23147\/revisions\/23148"}],"wp:attachment":[{"href":"https:\/\/christusnews.de\/site\/wp-json\/wp\/v2\/media?parent=23147"}],"wp:term":[{"taxonomy":"category","embeddable":true,"href":"https:\/\/christusnews.de\/site\/wp-json\/wp\/v2\/categories?post=23147"},{"taxonomy":"post_tag","embeddable":true,"href":"https:\/\/christusnews.de\/site\/wp-json\/wp\/v2\/tags?post=23147"}],"curies":[{"name":"wp","href":"https:\/\/api.w.org\/{rel}","templated":true}]}}