{"id":23149,"date":"2023-01-19T08:14:00","date_gmt":"2023-01-19T07:14:00","guid":{"rendered":"https:\/\/christusnews.de\/site\/landeskirche-baut-socialmedia-arbeit-aus-mitarbeitende-kuenftig-verstaerkt-auf-instagram-oder-youtube-aktiv\/"},"modified":"2023-01-20T10:17:24","modified_gmt":"2023-01-20T09:17:24","slug":"landeskirche-baut-socialmedia-arbeit-aus-mitarbeitende-kuenftig-verstaerkt-auf-instagram-oder-youtube-aktiv","status":"publish","type":"post","link":"https:\/\/christusnews.de\/site\/landeskirche-baut-socialmedia-arbeit-aus-mitarbeitende-kuenftig-verstaerkt-auf-instagram-oder-youtube-aktiv\/","title":{"rendered":"Landeskirche baut Socialmedia-Arbeit aus &#8211; Mitarbeitende k\u00fcnftig verst\u00e4rkt auf Instagram oder Youtube aktiv"},"content":{"rendered":"<p class=\"MsoPlainText\">Hannover (epd). Die hannoversche Landeskirche baut ihre Pr\u00e4senz auf Socialmedia-Plattformen aus. K\u00fcnftig sollen sechs Pastorinnen und Pastoren sowie voraussichtlich zwei Diakone oder Diakoninnen sowie ein oder zwei Mitarbeitende aus der Kirchenmusik mit einem Teil ihres Arbeitsauftrags in diesem Bereich t\u00e4tig sein, sagte Kirchensprecher Benjamin Simon-Hinkelmann am Donnerstag in Hannover. Die evangelische Kirche wolle durch den digitalen Vorsto\u00df Menschen im Internet mit niedrigschwelligen Angeboten besser erreichen.<\/p>\n<p class=\"MsoPlainText\">&nbsp;<\/p>\n<p class=\"MsoPlainText\">Antworten nach Glaubens- und Sinnfragen w\u00fcrden zunehmend online gesucht und gefunden, erl\u00e4uterte Oberkirchenr\u00e4tin Julia Helmke, die bis 2021 Generalsekret\u00e4rin des Deutschen Evangelischen Kirchentags war: \u00abDas wollen wir unterst\u00fctzen, und daf\u00fcr braucht es verschiedene Formate.\u00bb<\/p>\n<p class=\"MsoPlainText\">&nbsp;<\/p>\n<p class=\"MsoPlainText\">So sind zun\u00e4chst Pastorin Ina J\u00e4ckel aus Leer (Instagram: @dingens.von.kirchen), die Bremerhavener Pastoren Christopher Schlicht und Max Bode (@wynschkind und @pynk_pastor), Pastor Quinton Ceasar aus Wiesmoor bei Aurich (@pastor.vanniekaap) und der YouTube-Kanal \u00abAndersAmen\u00bb der Pastorinnen Ellen und Steffi Radtke im Pilotprojekt dabei.<\/p>\n<p class=\"MsoPlainText\">&nbsp;<\/p>\n<p class=\"MsoPlainText\">Die Landessynode, das Kirchenparlament, hatte im November f\u00fcr die Jahre 2023 und 2024 insgesamt 560.000 Euro f\u00fcr das Projekt zur Verf\u00fcgung gestellt. Pastorin Cordula-Schmid-Wa\u00dfmuth sagte, in der Pandemiezeit sei bereits in vielen Gemeinden digital experimentiert worden. \u00abNicht alles hat \u00fcberlebt, aber es hat sich gezeigt, dass es viele gute Ideen gibt\u00bb, betonte die Vorsitzende des Synoden-Ausschusses f\u00fcr \u00d6ffentlichkeitsarbeit. Die Kirche m\u00fcsse heraus aus ihren Geb\u00e4uden und hinaus auf die digitale Stra\u00dfe: \u00abUm das allerdings gut zu machen, braucht es personelle und finanzielle Ressourcen.\u00bb<\/p>\n<p class=\"MsoPlainText\">&nbsp;<\/p>\n<p class=\"MsoPlainText\">Oberkirchenr\u00e4tin Helmke wird das Projekt theologisch engmaschig begleiten. Das solle auch aussagekr\u00e4ftige Daten dar\u00fcber liefern, wie die Socialmedia-Arbeit k\u00fcnftig als regul\u00e4rer Teil der Arbeit kirchlicher Mitarbeiterinnen und Mitarbeiter verankert werden k\u00f6nne, hie\u00df es.<\/p>\n<p>Kirche-Oldenburg<br \/>\n<a href=\"https:\/\/www.kirche-oldenburg.de\/\/aktuell\/news-niedersachsen\/artikel\/landeskirche-baut-socialmedia-arbeit-aus-mitarbeitende-kuenftig-verstaerkt-auf-instagram-oder-youtube-aktiv\" target=\"_blank\" rel=\"noopener\">Landeskirche baut Socialmedia-Arbeit aus &#8211; Mitarbeitende k\u00fcnftig verst\u00e4rkt auf Instagram oder Youtube aktiv<\/a><\/p>\n","protected":false},"excerpt":{"rendered":"<p>Hannover (epd). Die hannoversche Landeskirche baut ihre Pr\u00e4senz auf Socialmedia-Plattformen aus. K\u00fcnftig sollen sechs Pastorinnen und Pastoren sowie voraussichtlich zwei Diakone oder Diakoninnen sowie ein oder zwei Mitarbeitende aus der Kirchenmusik mit einem Teil ihres Arbeitsauftrags in diesem Bereich t\u00e4tig sein, sagte Kirchensprecher Benjamin Simon-Hinkelmann am Donnerstag in Hannover. Die evangelische Kirche wolle durch den digitalen Vorsto\u00df Menschen im Internet mit niedrigschwelligen Angeboten besser erreichen. &nbsp; Antworten nach Glaubens- und Sinnfragen w\u00fcrden zunehmend online gesucht und gefunden, erl\u00e4uterte Oberkirchenr\u00e4tin Julia Helmke, die bis 2021 Generalsekret\u00e4rin des Deutschen Evangelischen Kirchentags war: \u00abDas wollen wir unterst\u00fctzen, und daf\u00fcr braucht es verschiedene Formate.\u00bb&#8230;<\/p>\n","protected":false},"author":7,"featured_media":0,"comment_status":"false","ping_status":"open","sticky":false,"template":"","format":"standard","meta":{"footnotes":""},"categories":[43],"tags":[44],"class_list":["post-23149","post","type-post","status-publish","format-standard","hentry","category-kirche-oldenburg","tag-kirche-oldenburg"],"_links":{"self":[{"href":"https:\/\/christusnews.de\/site\/wp-json\/wp\/v2\/posts\/23149","targetHints":{"allow":["GET"]}}],"collection":[{"href":"https:\/\/christusnews.de\/site\/wp-json\/wp\/v2\/posts"}],"about":[{"href":"https:\/\/christusnews.de\/site\/wp-json\/wp\/v2\/types\/post"}],"author":[{"embeddable":true,"href":"https:\/\/christusnews.de\/site\/wp-json\/wp\/v2\/users\/7"}],"replies":[{"embeddable":true,"href":"https:\/\/christusnews.de\/site\/wp-json\/wp\/v2\/comments?post=23149"}],"version-history":[{"count":1,"href":"https:\/\/christusnews.de\/site\/wp-json\/wp\/v2\/posts\/23149\/revisions"}],"predecessor-version":[{"id":23150,"href":"https:\/\/christusnews.de\/site\/wp-json\/wp\/v2\/posts\/23149\/revisions\/23150"}],"wp:attachment":[{"href":"https:\/\/christusnews.de\/site\/wp-json\/wp\/v2\/media?parent=23149"}],"wp:term":[{"taxonomy":"category","embeddable":true,"href":"https:\/\/christusnews.de\/site\/wp-json\/wp\/v2\/categories?post=23149"},{"taxonomy":"post_tag","embeddable":true,"href":"https:\/\/christusnews.de\/site\/wp-json\/wp\/v2\/tags?post=23149"}],"curies":[{"name":"wp","href":"https:\/\/api.w.org\/{rel}","templated":true}]}}