{"id":23306,"date":"2023-02-08T07:50:00","date_gmt":"2023-02-08T06:50:00","guid":{"rendered":"https:\/\/christusnews.de\/site\/fasten-fuer-das-klima-soviel-du-brauchst\/"},"modified":"2023-02-08T10:17:24","modified_gmt":"2023-02-08T09:17:24","slug":"fasten-fuer-das-klima-soviel-du-brauchst","status":"publish","type":"post","link":"https:\/\/christusnews.de\/site\/fasten-fuer-das-klima-soviel-du-brauchst\/","title":{"rendered":"Fasten f\u00fcr das Klima: Soviel du brauchst \u2026"},"content":{"rendered":"<p>Am Aschermittwoch (22. Februar) startet die \u00f6kumenische Fastenaktion f\u00fcr Klimaschutz und Klimagerechtigkeit. In den sieben Wochen der Fastenzeit wird in einer Fastenbrosch\u00fcre und durch digitale Medien zu einem klimafreundlichen Alltag motiviert. Jede und jeder ist eingeladen, den eigenen Alltag zu hinterfragen und neu auszurichten auf einen klimafreundlichen Lebensstil. Im Fokus steht die pers\u00f6nliche Auseinandersetzung mit den eigenen Gewohnheiten.<br \/>\n&nbsp; &nbsp;<br \/>\nDer <strong>Auftaktgottesdienst der Ev.-Luth. Kirche in Oldenburg<\/strong> wird <strong>am<\/strong> <strong>Sonntag, 26. Februar um 18 Uhr im Pumpwerk Wilhelmshaven<\/strong> mit einem \u201eGo special \u2013 So viel du brauchst\u201c gefeiert.&nbsp;<br \/>\nWeitere Veranstaltungen im Raum der oldenburgischen Kirche sind unter <a href=\"https:\/\/www.kirche-oldenburg.de\/themen\/umwelt-klimaschutz\/termine-\/-angebote-\/-veranstaltungen\">Umwelt &amp; Klimaschutz &#8211; Ev.-Luth. Kirche in Oldenburg (kirche-oldenburg.de)<\/a> zu finden.<br \/>\nWeitere Materialien zum Download, ein Newsletter, Klimafasten in den sozialen Medien und Theologische Impulse stehen unter <a href=\"https:\/\/klimafasten.de\/\">https:\/\/klimafasten.de\/<\/a> bereit.<br \/>\n&nbsp; &nbsp;<br \/>\n<strong>7 Wochen \u2013 7 Themen&nbsp;<\/strong><br \/>\nJede Fastenwoche widmet sich einem anderen Thema und bietet Anregungen zum Ausw\u00e4hlen. &nbsp;Wie lege ich ein Kleinbiotop an? Wie h\u00e4ngen Licht und Artenschutz zusammen? Welche Lichtquellen sind insektenfreundlich?&nbsp;<br \/>\nDie Klimafastenaktion bietet die Chance, Routinen zu \u00fcberdenken, Neues auszuprobieren \u2013 und m\u00f6glichst viel davon in den Alltag zu \u00fcbernehmen. \u201eEinfach mal machen und die Initiative ergreifen\u201c, ermutigt Umweltbeauftragte Andrea Feyen. \u201eMachen Sie den ersten Schritt und nutzen Fahrrad und Bus f\u00fcr Ihre Wege oder entdecken Sie weitere Potenziale zum Energiesparen.\u201c<br \/>\n&nbsp; &nbsp;<br \/>\n<strong>Schirmherrschaft&nbsp;<\/strong><br \/>\n\u201eUnser Handeln oder Nichthandeln wird entscheidend sein f\u00fcr unsere Lebensbedingungen\u201c, sagt Kristina K\u00fchnbaum-Schmidt, Landesbisch\u00f6fin der Evangelisch-Lutherischen Kirche in Norddeutschland (Nordkirche). Gemeinsam mit Weihbischof Rolf Lohmann, Vorsitzender der Arbeitsgruppe f\u00fcr \u00f6kologische Fragen in der Deutschen Bischofskonferenz, hat sie die Schirmherrschaft der Aktion inne. \u201eWir befinden uns inmitten einer globalen Klimakrise, die menschengemacht ist und das Leben auf unserem Planeten gef\u00e4hrdet\u201c, erkl\u00e4rt K\u00fchnbaum-Schmidt als EKD-Beauftragte f\u00fcr Sch\u00f6pfungsverantwortung. \u201eDeshalb m\u00fcssen wir uns die Frage stellen, was angesichts dieser Situation unser Denken, Entscheiden und Handeln leitet und was unser Beitrag sein kann, um die Folgen des Klimawandels zu mildern.\u201c Weihbischof Lohmann betont: \u201eWir laden alle Gl\u00e4ubigen ein, gemeinsam mit allen Menschen guten Willens praktische Verantwortung f\u00fcr Gottes Sch\u00f6pfung zu \u00fcbernehmen.\u201c Es sei eine Frage der Glaubw\u00fcrdigkeit, als Kirche mit gutem Beispiel voranzugehen.<br \/>\n&nbsp; &nbsp;<br \/>\n<strong>Analoge und digitale Beteiligung&nbsp;<\/strong><br \/>\nVerschiedene Materialien stehen kostenlos zur Verf\u00fcgung: Die Fastenbrosch\u00fcre \u201eSo viel du brauchst\u201c und Werbeplakate k\u00f6nnen unter Angabe der ben\u00f6tigten Anzahl sowie der Adresse unter umwelt@kirche-oldenburg.de bestellt werden.&nbsp;<br \/>\nUnter den Hashtags #sovieldubrauchst und #klimafasten findet die Kampagne auch auf Instagram und Facebook statt. Eine Videoandacht wird w\u00f6chentlich \u00fcber den Youtube-Kanal&nbsp;&nbsp;<a href=\"https:\/\/www.youtube.com\/@klimafasten994\">youtube.com\/@klimafasten994<\/a> ausgestrahlt.<br \/>\n&nbsp; &nbsp;<br \/>\n<strong>Beteiligte&nbsp;<\/strong><br \/>\nDie Aktion ist eine gemeinsame Initiative von 14 evangelischen Landeskirchen und Freikirchen, neun (Erz-)Bist\u00fcmern und Di\u00f6zesanr\u00e4ten sowie den beiden Hilfswerken Brot f\u00fcr die Welt und misereor.<br \/>\n&nbsp; &nbsp;<br \/>\n<em>Andrea Feyen<br \/>\nBeauftragte f\u00fcr Umwelt, Klimaschutz und Energie<br \/>\numwelt@kirche-oldenburg.de<\/em><\/p>\n<p>Kirche-Oldenburg<br \/>\n<a href=\"https:\/\/www.kirche-oldenburg.de\/\/aktuell\/pressemitteilungen\/artikel\/fasten-fuer-das-klima-soviel-du-brauchst\" target=\"_blank\" rel=\"noopener\">Fasten f\u00fcr das Klima: Soviel du brauchst \u2026<\/a><\/p>\n","protected":false},"excerpt":{"rendered":"<p>Am Aschermittwoch (22. Februar) startet die \u00f6kumenische Fastenaktion f\u00fcr Klimaschutz und Klimagerechtigkeit. In den sieben Wochen der Fastenzeit wird in einer Fastenbrosch\u00fcre und durch digitale Medien zu einem klimafreundlichen Alltag motiviert. Jede und jeder ist eingeladen, den eigenen Alltag zu hinterfragen und neu auszurichten auf einen klimafreundlichen Lebensstil. Im Fokus steht die pers\u00f6nliche Auseinandersetzung mit den eigenen Gewohnheiten. &nbsp; &nbsp; Der Auftaktgottesdienst der Ev.-Luth. Kirche in Oldenburg wird am Sonntag, 26. Februar um 18 Uhr im Pumpwerk Wilhelmshaven mit einem \u201eGo special \u2013 So viel du brauchst\u201c gefeiert.&nbsp; Weitere Veranstaltungen im Raum der oldenburgischen Kirche sind unter Umwelt &amp; Klimaschutz&#8230;<\/p>\n","protected":false},"author":7,"featured_media":0,"comment_status":"false","ping_status":"open","sticky":false,"template":"","format":"standard","meta":{"footnotes":""},"categories":[43],"tags":[44],"class_list":["post-23306","post","type-post","status-publish","format-standard","hentry","category-kirche-oldenburg","tag-kirche-oldenburg"],"_links":{"self":[{"href":"https:\/\/christusnews.de\/site\/wp-json\/wp\/v2\/posts\/23306","targetHints":{"allow":["GET"]}}],"collection":[{"href":"https:\/\/christusnews.de\/site\/wp-json\/wp\/v2\/posts"}],"about":[{"href":"https:\/\/christusnews.de\/site\/wp-json\/wp\/v2\/types\/post"}],"author":[{"embeddable":true,"href":"https:\/\/christusnews.de\/site\/wp-json\/wp\/v2\/users\/7"}],"replies":[{"embeddable":true,"href":"https:\/\/christusnews.de\/site\/wp-json\/wp\/v2\/comments?post=23306"}],"version-history":[{"count":1,"href":"https:\/\/christusnews.de\/site\/wp-json\/wp\/v2\/posts\/23306\/revisions"}],"predecessor-version":[{"id":23307,"href":"https:\/\/christusnews.de\/site\/wp-json\/wp\/v2\/posts\/23306\/revisions\/23307"}],"wp:attachment":[{"href":"https:\/\/christusnews.de\/site\/wp-json\/wp\/v2\/media?parent=23306"}],"wp:term":[{"taxonomy":"category","embeddable":true,"href":"https:\/\/christusnews.de\/site\/wp-json\/wp\/v2\/categories?post=23306"},{"taxonomy":"post_tag","embeddable":true,"href":"https:\/\/christusnews.de\/site\/wp-json\/wp\/v2\/tags?post=23306"}],"curies":[{"name":"wp","href":"https:\/\/api.w.org\/{rel}","templated":true}]}}