{"id":23312,"date":"2023-02-08T09:46:00","date_gmt":"2023-02-08T08:46:00","guid":{"rendered":"https:\/\/christusnews.de\/site\/tafeln-wuenschen-sich-laengerfristige-unterstuetzung-durch-das-land\/"},"modified":"2023-02-09T10:17:48","modified_gmt":"2023-02-09T09:17:48","slug":"tafeln-wuenschen-sich-laengerfristige-unterstuetzung-durch-das-land","status":"publish","type":"post","link":"https:\/\/christusnews.de\/site\/tafeln-wuenschen-sich-laengerfristige-unterstuetzung-durch-das-land\/","title":{"rendered":"Tafeln w\u00fcnschen sich l\u00e4ngerfristige Unterst\u00fctzung durch das Land"},"content":{"rendered":"<p class=\"MsoPlainText\">Hannover\/Bremen (epd). Vor den Gespr\u00e4chen zur Energiepreiskrise zwischen Landesregierung und Sozialverb\u00e4nden am Donnerstag (9. Februar) hat der Vorsitzende der Tafeln in Niedersachsen und Bremen, Uwe Lampe, die Notwendigkeit einer langfristigen F\u00f6rderung des Tafelwesens betont. \u00abAllein, dass wir bei diesen Gespr\u00e4chen dabei sind, zeigt ja, wie systemrelevant unser Angebot ist\u00bb, betonte Lampe am Mittwoch im Gespr\u00e4ch mit dem Evangelischen Pressdienst (epd).<\/p>\n<p class=\"MsoPlainText\">&nbsp;<\/p>\n<p class=\"MsoPlainText\">Der Tafel-Vorsitzende lobte die Landesregierung f\u00fcr ihre bisherige Unterst\u00fctzung. \u00abDas Land hat uns f\u00fcr 2023 zwei Millionen Euro aus dem Krisen-Sofortprogramm zugesagt. Uns erm\u00f6glicht dieses Geld entscheidende Schritte, um unsere Tafeln noch besser und verl\u00e4sslicher aufzustellen\u00bb, sagte Lampe.<\/p>\n<p class=\"MsoPlainText\">&nbsp;<\/p>\n<p class=\"MsoPlainText\">So habe der Landesverband seine nieders\u00e4chsische Gesch\u00e4ftsstelle in Springe personell aufgestockt und eine Werbekampagne f\u00fcr ehrenamtliche Mitarbeiter realisiert. Auch ein Deeskalationstraining f\u00fcr die Tafel-Mitarbeitenden vor Ort sei durch die Zuwendungen des Landes finanziert worden. \u00abDas ist ungemein wichtig und hilfreich\u00bb, unterstrich Lampe. Denn wachsende soziale Spannungen in der Gesellschaft machten sich auch in der t\u00e4glichen Stimmung an den Ausgabestellen bemerkbar.<\/p>\n<p class=\"MsoPlainText\">&nbsp;<\/p>\n<p class=\"MsoPlainText\">Zudem sei der Aufbau eines Fuhrparks und zweier Verteilzentren in Vorbereitung, die \u00fcberz\u00e4hlige oder falsch etikettierte Lebensmittel direkt von den Herstellern abnehmen, einlagern und bedarfsgerecht an die \u00f6rtlichen Tafeln weiterverteilen k\u00f6nnen. \u00abDamit erschlie\u00dfen wir uns neue Lebensmittelquellen, die perspektivisch zumindest teilweise kompensieren, was uns durch Rabattierungsaktionen des Handels immer mehr wegbricht\u00bb, erl\u00e4uterte Lampe.<\/p>\n<p class=\"MsoPlainText\">&nbsp;<\/p>\n<p class=\"MsoPlainText\">Allerdings sei ein F\u00f6rderzeitraum von einem Jahr viel kurz, um eine neue Verteil-Infrastruktur dauerhaft aufzubauen. \u00abBis das stabil und vor allem zukunftsfest l\u00e4uft, brauchen wir schon einige Jahre\u00bb, prognostizierte der Verbandsvorsitzende. Entsprechend sei eine Streckung der f\u00fcr dieses Jahr zugesagten zwei Millionen Euro \u00fcber einen Zeitraum von vier Jahren w\u00fcnschenswert. \u00abWir wollen nicht mehr Geld, sondern nur mehr Zeit\u00bb, betonte Lampe. Denn es sei absehbar, dass das Angebot der Tafeln auch \u00fcber die akute Energiepreiskrise hinaus wichtiger werde.<\/p>\n<p class=\"MsoPlainText\">&nbsp;<\/p>\n<p class=\"MsoPlainText\">\u00abSowohl durch den fortdauernden Fl\u00fcchtlingszustrom als auch durch wachsende Bev\u00f6lkerungsteile, die wirtschaftlich unter Druck geraten, haben wir immer mehr zu tun\u00bb, sagte Lampe. Angesichts einer Armutsquote von rund 17 Prozent in Niedersachsen, die in einigen gesellschaftlichen Gruppen aber weitaus h\u00f6her liege, zeige sich, dass viele Menschen in Not die Tafeln bislang noch nicht aufsuchten. \u00abDie Zahlen deuten darauf hin, dass wir uns darauf einstellen m\u00fcssen, dass neben einer weiter steigenden Zahl an Gefl\u00fcchteten k\u00fcnftig auch mehr Rentner, Alleinerziehende und prek\u00e4r Besch\u00e4ftigte zu uns kommen werden.\u00bb<\/p>\n<p>Kirche-Oldenburg<br \/>\n<a href=\"https:\/\/www.kirche-oldenburg.de\/\/aktuell\/news-niedersachsen\/artikel\/tafeln-wuenschen-sich-laengerfristige-unterstuetzung-durch-das-land\" target=\"_blank\" rel=\"noopener\">Tafeln w\u00fcnschen sich l\u00e4ngerfristige Unterst\u00fctzung durch das Land<\/a><\/p>\n","protected":false},"excerpt":{"rendered":"<p>Hannover\/Bremen (epd). Vor den Gespr\u00e4chen zur Energiepreiskrise zwischen Landesregierung und Sozialverb\u00e4nden am Donnerstag (9. Februar) hat der Vorsitzende der Tafeln in Niedersachsen und Bremen, Uwe Lampe, die Notwendigkeit einer langfristigen F\u00f6rderung des Tafelwesens betont. \u00abAllein, dass wir bei diesen Gespr\u00e4chen dabei sind, zeigt ja, wie systemrelevant unser Angebot ist\u00bb, betonte Lampe am Mittwoch im Gespr\u00e4ch mit dem Evangelischen Pressdienst (epd). &nbsp; Der Tafel-Vorsitzende lobte die Landesregierung f\u00fcr ihre bisherige Unterst\u00fctzung. \u00abDas Land hat uns f\u00fcr 2023 zwei Millionen Euro aus dem Krisen-Sofortprogramm zugesagt. Uns erm\u00f6glicht dieses Geld entscheidende Schritte, um unsere Tafeln noch besser und verl\u00e4sslicher aufzustellen\u00bb, sagte Lampe. &nbsp;&#8230;<\/p>\n","protected":false},"author":7,"featured_media":0,"comment_status":"false","ping_status":"open","sticky":false,"template":"","format":"standard","meta":{"footnotes":""},"categories":[43],"tags":[44],"class_list":["post-23312","post","type-post","status-publish","format-standard","hentry","category-kirche-oldenburg","tag-kirche-oldenburg"],"_links":{"self":[{"href":"https:\/\/christusnews.de\/site\/wp-json\/wp\/v2\/posts\/23312","targetHints":{"allow":["GET"]}}],"collection":[{"href":"https:\/\/christusnews.de\/site\/wp-json\/wp\/v2\/posts"}],"about":[{"href":"https:\/\/christusnews.de\/site\/wp-json\/wp\/v2\/types\/post"}],"author":[{"embeddable":true,"href":"https:\/\/christusnews.de\/site\/wp-json\/wp\/v2\/users\/7"}],"replies":[{"embeddable":true,"href":"https:\/\/christusnews.de\/site\/wp-json\/wp\/v2\/comments?post=23312"}],"version-history":[{"count":1,"href":"https:\/\/christusnews.de\/site\/wp-json\/wp\/v2\/posts\/23312\/revisions"}],"predecessor-version":[{"id":23313,"href":"https:\/\/christusnews.de\/site\/wp-json\/wp\/v2\/posts\/23312\/revisions\/23313"}],"wp:attachment":[{"href":"https:\/\/christusnews.de\/site\/wp-json\/wp\/v2\/media?parent=23312"}],"wp:term":[{"taxonomy":"category","embeddable":true,"href":"https:\/\/christusnews.de\/site\/wp-json\/wp\/v2\/categories?post=23312"},{"taxonomy":"post_tag","embeddable":true,"href":"https:\/\/christusnews.de\/site\/wp-json\/wp\/v2\/tags?post=23312"}],"curies":[{"name":"wp","href":"https:\/\/api.w.org\/{rel}","templated":true}]}}