{"id":23350,"date":"2023-02-13T00:02:12","date_gmt":"2023-02-12T23:02:12","guid":{"rendered":"https:\/\/christusnews.de\/site\/ausserordentliche-synodentagung-am-samstag-18-februar\/"},"modified":"2023-02-13T10:17:55","modified_gmt":"2023-02-13T09:17:55","slug":"ausserordentliche-synodentagung-am-samstag-18-februar","status":"publish","type":"post","link":"https:\/\/christusnews.de\/site\/ausserordentliche-synodentagung-am-samstag-18-februar\/","title":{"rendered":"Au\u00dferordentliche Synodentagung am Samstag, 18. Februar"},"content":{"rendered":"<p>Am Samstag, 18. Februar, findet die 1. au\u00dferordentliche Tagung der 49. Synode der oldenburgischen Kirche statt. Sie beginnt um 9:00 Uhr mit einer Andacht (Synodaler Bj\u00f6rn Kr\u00e4mer) im Gemeindehaus St.-Johannes in Oldenburg-Kreyenbr\u00fcck. Die Beratungen beginnen im Anschluss ca. 9:20 Uhr.<\/p>\n<p>Die Verhandlungen der Synode k\u00f6nnen im Live-Stream verfolgt werden, der unter dem Kurzlink: <a href=\"www.kirche-oldenburg.de\/synode\/live\">kirche-oldenburg.de\/synode\/live<\/a> angeboten wird.&nbsp;<\/p>\n<p>Schwerpunkt der au\u00dferordentlichen Tagung ist die Wahl von zwei nebenamtlichen nichttheologischen Mitgliedern des Oberkirchenrates der oldenburgischen Kirche.<\/p>\n<p>Zur Wahl als nebenamtliche Mitglieder des Oberkirchenrates stellen sich auf Vorschlag des Wahlvorbereitungsausschusses der oldenburgischen Kirche: Sebastian Gro\u00df (f\u00fcr den Bereich Finanzen) und Kirchenverwaltungsdirektor Udo Heinen (f\u00fcr den Bereich Recht). Beide Kandidaten werden sich am Samstag den Synodalen vorstellen.&nbsp;<\/p>\n<p>Nach dem Ausscheiden von Oberkirchenrat Frank L\u00fctjel\u00fcschen hatte der Wahlvorbereitungsausschuss vorgeschlagen, die Stelle Leitung Dezernat II nicht sofort neu auszuschreiben, sondern f\u00fcr eine befristete Zeit zwei nebenamtliche Mitglieder des Oberkirchenrates zu w\u00e4hlen, die f\u00fcr die Bereiche Recht und Finanzen zust\u00e4ndig sind und z\u00fcgig die anfallenden Aufgaben \u00fcbernehmen k\u00f6nnen.<\/p>\n<p>In der f\u00fcr drei Jahre vorgesehenen Periode sollen eventuelle Ver\u00e4nderungen in der oldenburgischen Kirche beraten werden, sodass im Anschluss eine hauptamtliche Nachbesetzung erfolgen kann.&nbsp;<\/p>\n<p>Hier finden Sie biografische Angaben zu den beiden Kandidaten f\u00fcr die Wahl zu nebenamtlichen Mitgliedern des Oberkirchenrates:<\/p>\n<p><strong>Sebastian Gro\u00df <\/strong>(39) ist seit 2018 Abteilungsleiter f\u00fcr Finanzen und Verm\u00f6gen in der Zentralen Dienststelle der Gemeinsamen Kirchenverwaltung der Ev.-Luth. Kirche in Oldenburg. Zus\u00e4tzlich ist er Lehrbeauftragter am Nieders\u00e4chsischen Studieninstitut f\u00fcr kommunale Verwaltung e.V. Gro\u00df ist in Detmold aufgewachsen und hat Betriebswirtschaftslehre (2002 \u2013 2008) in Greifswald studiert. Der Diplom-Kaufmann war zun\u00e4chst Wissenschaftliche Hilfskraft (2008), danach Pr\u00fcfer bei der Curacon GmbH Wirtschaftspr\u00fcfungsgesellschaft M\u00fcnster (2009 \u2013 2012), Controller bei der Johanniter Seniorenh\u00e4user GmbH (2012 \u2013 2013) sowie IT-Systempr\u00fcfer und Teamleiter beim Genossenschaftsverband Weser-Ems e.V. (2013 \u2013 2018). Sebastian Gro\u00df ist verheiratet und hat zwei Kinder.<\/p>\n<p><strong>Kirchenverwaltungsdirektor Udo Heinen <\/strong>(59) ist seit 2008 Leiter der Aufsicht im Oberkirchenrat der Ev.-Luth. Kirche in Oldenburg. Nach einer Ausbildung zum Photographen hat Heinen Rechtswissenschaften mit dem Schwerpunkt Verwaltungsrecht in Hamburg (1986 \u2013 1990) studiert. Nach dem Referendariat beim Oberlandesgericht in Oldenburg (1991 \u2013 1994) und dem 2. Juristischen Staatsexamen (1994) war er Rechtsanwalt in Emden (1994 \u2013 1995) und Oldenburg (1995 \u2013 1997). Seit 1997 ist Heinen Kirchenjurist im Ev.-luth. Oberkirchenrat der oldenburgischen Kirche. Hier war er Leiter der Rechts- und Liegenschaftsabteilung (1997 \u2013 2000) und Leiter der Rechts- und Personalabteilung (2000 \u2013 2008). Udo Heinen ist verheiratet und hat zwei erwachsene Kinder.<\/p>\n<p>Dar\u00fcber hinaus wird die Synode das Kirchengesetz zur Erprobung der Vertretung des hauptamtlichen nichttheologischen Mitglieds des Oberkirchenrates durch zwei nebenamtliche nichttheologische Mitglieder des Oberkirchenrates beraten.<\/p>\n<p>Zum Abschluss der Tagung findet am <strong>Samstag um 15 Uhr ein Gottesdienst <\/strong>in der St.-Johannes-Kirche in Oldenburg-Kreyenbr\u00fcck statt, in dem die beiden gew\u00e4hlten nebenamtlichen nichttheologischen Mitglieder des Oberkirchenrates in ihr neues Amt eingef\u00fchrt werden.<\/p>\n<p>Die Tagesordnung und den Ablaufplan finden Sie bereits online unter: <a href=\"https:\/\/www.kirche-oldenburg.de\/kirche-gemeinden\/synode\/1-ausserordentliche-tagung-der-49-synode\">https:\/\/www.kirche-oldenburg.de\/kirche-gemeinden\/synode\/1-ausserordentliche-tagung-der-49-synode<\/a>&nbsp;&nbsp;&nbsp;<\/p>\n<p>Kirche-Oldenburg<br \/>\n<a href=\"https:\/\/www.kirche-oldenburg.de\/\/aktuell\/pressemitteilungen\/artikel\/ausserordentliche-synodentagung-am-samstag-18-februar\" target=\"_blank\" rel=\"noopener\">Au\u00dferordentliche Synodentagung am Samstag, 18. Februar<\/a><\/p>\n","protected":false},"excerpt":{"rendered":"<p>Am Samstag, 18. Februar, findet die 1. au\u00dferordentliche Tagung der 49. Synode der oldenburgischen Kirche statt. Sie beginnt um 9:00 Uhr mit einer Andacht (Synodaler Bj\u00f6rn Kr\u00e4mer) im Gemeindehaus St.-Johannes in Oldenburg-Kreyenbr\u00fcck. Die Beratungen beginnen im Anschluss ca. 9:20 Uhr. Die Verhandlungen der Synode k\u00f6nnen im Live-Stream verfolgt werden, der unter dem Kurzlink: kirche-oldenburg.de\/synode\/live angeboten wird.&nbsp; Schwerpunkt der au\u00dferordentlichen Tagung ist die Wahl von zwei nebenamtlichen nichttheologischen Mitgliedern des Oberkirchenrates der oldenburgischen Kirche. Zur Wahl als nebenamtliche Mitglieder des Oberkirchenrates stellen sich auf Vorschlag des Wahlvorbereitungsausschusses der oldenburgischen Kirche: Sebastian Gro\u00df (f\u00fcr den Bereich Finanzen) und Kirchenverwaltungsdirektor Udo Heinen (f\u00fcr&#8230;<\/p>\n","protected":false},"author":7,"featured_media":0,"comment_status":"false","ping_status":"open","sticky":false,"template":"","format":"standard","meta":{"footnotes":""},"categories":[43],"tags":[44],"class_list":["post-23350","post","type-post","status-publish","format-standard","hentry","category-kirche-oldenburg","tag-kirche-oldenburg"],"_links":{"self":[{"href":"https:\/\/christusnews.de\/site\/wp-json\/wp\/v2\/posts\/23350","targetHints":{"allow":["GET"]}}],"collection":[{"href":"https:\/\/christusnews.de\/site\/wp-json\/wp\/v2\/posts"}],"about":[{"href":"https:\/\/christusnews.de\/site\/wp-json\/wp\/v2\/types\/post"}],"author":[{"embeddable":true,"href":"https:\/\/christusnews.de\/site\/wp-json\/wp\/v2\/users\/7"}],"replies":[{"embeddable":true,"href":"https:\/\/christusnews.de\/site\/wp-json\/wp\/v2\/comments?post=23350"}],"version-history":[{"count":1,"href":"https:\/\/christusnews.de\/site\/wp-json\/wp\/v2\/posts\/23350\/revisions"}],"predecessor-version":[{"id":23351,"href":"https:\/\/christusnews.de\/site\/wp-json\/wp\/v2\/posts\/23350\/revisions\/23351"}],"wp:attachment":[{"href":"https:\/\/christusnews.de\/site\/wp-json\/wp\/v2\/media?parent=23350"}],"wp:term":[{"taxonomy":"category","embeddable":true,"href":"https:\/\/christusnews.de\/site\/wp-json\/wp\/v2\/categories?post=23350"},{"taxonomy":"post_tag","embeddable":true,"href":"https:\/\/christusnews.de\/site\/wp-json\/wp\/v2\/tags?post=23350"}],"curies":[{"name":"wp","href":"https:\/\/api.w.org\/{rel}","templated":true}]}}