{"id":23352,"date":"2023-02-12T12:10:00","date_gmt":"2023-02-12T11:10:00","guid":{"rendered":"https:\/\/christusnews.de\/site\/die-abwaegende-die-ekd-ratsvorsitzende-annette-kurschus-wird-60-jahre-alt\/"},"modified":"2023-02-13T22:17:22","modified_gmt":"2023-02-13T21:17:22","slug":"die-abwaegende-die-ekd-ratsvorsitzende-annette-kurschus-wird-60-jahre-alt","status":"publish","type":"post","link":"https:\/\/christusnews.de\/site\/die-abwaegende-die-ekd-ratsvorsitzende-annette-kurschus-wird-60-jahre-alt\/","title":{"rendered":"Die Abw\u00e4gende &#8211; Die EKD-Ratsvorsitzende Annette Kurschus wird 60 Jahre alt"},"content":{"rendered":"<p class=\"MsoPlainText\">Hannover\/Frankfurt a.M. (epd). Schwarz-Wei\u00df-Malerei und die knappe Schlagzeile sind ihre Sache nicht. Annette Kurschus w\u00e4gt ab, setzt ihre Worte mit Bedacht. Aber wer sie danach fragt, was sie antreibt, der bekommt eine energische wie klare Antwort. \u00abIch liebe meine Kirche\u00bb, sagt die Theologin, die seit November 2021 als Ratsvorsitzende an der Spitze der Evangelischen Kirche in Deutschland&nbsp;(EKD) mit Sitz in Hannover steht. Am 14. Februar wird sie 60 Jahre alt.<\/p>\n<p class=\"MsoPlainText\">&nbsp;<\/p>\n<p class=\"MsoPlainText\">Werben f\u00fcr den christlichen Glauben und die kirchliche Gemeinschaft, das ist Kurschus&#8217; St\u00e4rke. Als Predigerin wei\u00df sie mit klugen und w\u00e4rmenden Worten zu \u00fcberzeugen. Gepaart mit Beharrlichkeit und Flei\u00df hat ihr das die Karriere in \u00abihrer Kirche\u00bb geebnet.<\/p>\n<p class=\"MsoPlainText\">&nbsp;<\/p>\n<p class=\"MsoPlainText\">Geboren im hessischen Rotenburg an der Fulda und aufgewachsen in einem Pastorenhaushalt studierte Annette Kurschus erst drei Semester Medizin, bevor die kleine Frau mit den hellblauen Augen zur evangelischen Theologie wechselte. Nach Studienjahren in Bonn, Marburg, M\u00fcnster und Wuppertal folgten Vikariat und 1993 die erste Pfarrstelle in Siegen. 2001 stieg sie zur Stellvertreterin des Superintendenten auf, bevor die kinderlose Kurschus, die nicht verheiratet ist, 2005 selbst Siegener Superintendentin wurde.<\/p>\n<p class=\"MsoPlainText\">&nbsp;<\/p>\n<p class=\"MsoPlainText\">2011 schlie\u00dflich wurde sie zur Pr\u00e4ses der Evangelischen Kirche von Westfalen gew\u00e4hlt, f\u00fchrt seitdem als leitende Geistliche die mit rund zwei Millionen Mitgliedern viertgr\u00f6\u00dfte der 20 evangelischen Landeskirchen in Deutschland. In diesem Amt trat die Theologin erstmals bundesweit ins Rampenlicht, als sie im April 2015 im K\u00f6lner Dom predigte. Im Trauergottesdienst f\u00fcr die Opfer des Absturzes eines Germanwings-Flugzeuges, bei dem 150 Menschen starben, fand sie viel beachtete, tr\u00f6stende und Hoffnung stiftende Worte.<\/p>\n<p class=\"MsoPlainText\">&nbsp;<\/p>\n<p class=\"MsoPlainText\">Ein halbes Jahr sp\u00e4ter wurde Kurschus zur stellvertretenden Ratsvorsitzenden der EKD, sechs Jahre sp\u00e4ter als Nachfolgerin von Heinrich Bedford-Strohm schlie\u00dflich zur obersten Repr\u00e4sentantin der 19,7 Millionen Protestanten in Deutschland gew\u00e4hlt. Schon in der Wahlsynode machte sie klar, dass sie st\u00e4rker geistlich-theologisch wirken will als ihr Vorg\u00e4nger.<\/p>\n<p class=\"MsoPlainText\">&nbsp;<\/p>\n<p class=\"MsoPlainText\">W\u00e4hrend Bedford-Strohm, in dessen Amtszeit das international beachtete 500. Reformationsjubil\u00e4um fiel, vor allem mit seinem Eintreten f\u00fcr die Aufnahme von Fl\u00fcchtlingen und die Seenotrettung auf dem Mittelmeer bundesweit bekannt wurde, ist Kurschus au\u00dferhalb der evangelischen Kirche bislang kaum in Erscheinung getreten. Die Konzentration auf den Kern der christlichen Botschaft und ihre beharrliche Weigerung zu vereinfachen, stehen der medialen Aufmerksamkeit entgegen.<\/p>\n<p class=\"MsoPlainText\">&nbsp;<\/p>\n<p class=\"MsoPlainText\">\u00abMich besch\u00e4ftigt, wie wir bekannter und attraktiver machen k\u00f6nnen, was wir zu sagen haben\u00bb, r\u00e4umt Kurschus ein, die Chorgesang und Cellospiel zu ihren Hobbys z\u00e4hlt. M\u00f6glicherweise sei es \u00abder kritische Blick auf die Institution, der Menschen davon abh\u00e4lt, offen f\u00fcr die Inhalte zu sein\u00bb.<\/p>\n<p class=\"MsoPlainText\">&nbsp;<\/p>\n<p class=\"MsoPlainText\">Was innerkirchlich meist als gut protestantisches Abw\u00e4gen gesch\u00e4tzt wird, wertet ihr nahes Umfeld bisweilen auch als Scheu vor Konflikten. So wird Kurschus zwar nicht m\u00fcde, Waffenlieferungen in die Ukraine zum Schutz der Angegriffenen als notwendig darzustellen und sich dabei gegen den Protest rund um den EKD-Friedensbeauftragten Friedrich Kramer zu stellen. Zugleich bleibt aber eine Positionierung der EKD unklar, wenn deren oberste Repr\u00e4sentantin die Vielstimmigkeit unter den Protestanten als Wesensmerkmal lobt. Auch bei den ethisch strittigen Themen Sterbehilfe und Abtreibung vermeiden die EKD als Dachorganisation der 20 Landeskirchen und Kurschus als Person bislang klare Festlegungen.<\/p>\n<p class=\"MsoPlainText\">&nbsp;<\/p>\n<p class=\"MsoPlainText\">Aber trotz der anhaltenden Mitgliederverluste, dem Relevanzverlust des Christlichen in der Gesellschaft und so schwierigen Themen wie der Aufarbeitung von Missbrauchsf\u00e4llen in evangelischer Kirche und Diakonie, strahlt Kurschus aus, sich am richtigen Platz zu wissen. 60 Jahre seien \u00abzwar ein bisschen Seniorenalter\u00bb. Doch: \u00abIch bin jetzt eigentlich mittendrin und freue mich auf die Aufgaben, die vor mir liegen.\u00bb<\/p>\n<p>Kirche-Oldenburg<br \/>\n<a href=\"https:\/\/www.kirche-oldenburg.de\/\/aktuell\/news-niedersachsen\/artikel\/die-abwaegende-die-ekd-ratsvorsitzende-annette-kurschus-wird-60-jahre-alt\" target=\"_blank\" rel=\"noopener\">Die Abw\u00e4gende &#8211; Die EKD-Ratsvorsitzende Annette Kurschus wird 60 Jahre alt<\/a><\/p>\n","protected":false},"excerpt":{"rendered":"<p>Hannover\/Frankfurt a.M. (epd). Schwarz-Wei\u00df-Malerei und die knappe Schlagzeile sind ihre Sache nicht. Annette Kurschus w\u00e4gt ab, setzt ihre Worte mit Bedacht. Aber wer sie danach fragt, was sie antreibt, der bekommt eine energische wie klare Antwort. \u00abIch liebe meine Kirche\u00bb, sagt die Theologin, die seit November 2021 als Ratsvorsitzende an der Spitze der Evangelischen Kirche in Deutschland&nbsp;(EKD) mit Sitz in Hannover steht. Am 14. Februar wird sie 60 Jahre alt. &nbsp; Werben f\u00fcr den christlichen Glauben und die kirchliche Gemeinschaft, das ist Kurschus&#8217; St\u00e4rke. Als Predigerin wei\u00df sie mit klugen und w\u00e4rmenden Worten zu \u00fcberzeugen. Gepaart mit Beharrlichkeit und Flei\u00df&#8230;<\/p>\n","protected":false},"author":7,"featured_media":0,"comment_status":"false","ping_status":"open","sticky":false,"template":"","format":"standard","meta":{"footnotes":""},"categories":[43],"tags":[44],"class_list":["post-23352","post","type-post","status-publish","format-standard","hentry","category-kirche-oldenburg","tag-kirche-oldenburg"],"_links":{"self":[{"href":"https:\/\/christusnews.de\/site\/wp-json\/wp\/v2\/posts\/23352","targetHints":{"allow":["GET"]}}],"collection":[{"href":"https:\/\/christusnews.de\/site\/wp-json\/wp\/v2\/posts"}],"about":[{"href":"https:\/\/christusnews.de\/site\/wp-json\/wp\/v2\/types\/post"}],"author":[{"embeddable":true,"href":"https:\/\/christusnews.de\/site\/wp-json\/wp\/v2\/users\/7"}],"replies":[{"embeddable":true,"href":"https:\/\/christusnews.de\/site\/wp-json\/wp\/v2\/comments?post=23352"}],"version-history":[{"count":1,"href":"https:\/\/christusnews.de\/site\/wp-json\/wp\/v2\/posts\/23352\/revisions"}],"predecessor-version":[{"id":23353,"href":"https:\/\/christusnews.de\/site\/wp-json\/wp\/v2\/posts\/23352\/revisions\/23353"}],"wp:attachment":[{"href":"https:\/\/christusnews.de\/site\/wp-json\/wp\/v2\/media?parent=23352"}],"wp:term":[{"taxonomy":"category","embeddable":true,"href":"https:\/\/christusnews.de\/site\/wp-json\/wp\/v2\/categories?post=23352"},{"taxonomy":"post_tag","embeddable":true,"href":"https:\/\/christusnews.de\/site\/wp-json\/wp\/v2\/tags?post=23352"}],"curies":[{"name":"wp","href":"https:\/\/api.w.org\/{rel}","templated":true}]}}