{"id":23358,"date":"2023-02-10T12:07:00","date_gmt":"2023-02-10T11:07:00","guid":{"rendered":"https:\/\/christusnews.de\/site\/zwischen-trance-und-traeumen-ausstellung-zum-schlaf\/"},"modified":"2023-02-13T22:17:23","modified_gmt":"2023-02-13T21:17:23","slug":"zwischen-trance-und-traeumen-ausstellung-zum-schlaf","status":"publish","type":"post","link":"https:\/\/christusnews.de\/site\/zwischen-trance-und-traeumen-ausstellung-zum-schlaf\/","title":{"rendered":"Zwischen Trance und Tr\u00e4umen: Ausstellung zum Schlaf"},"content":{"rendered":"<p class=\"MsoPlainText\">Oldenburg (epd). Studierende der Universit\u00e4t in OIdenburg wollen mit einer Ausstellung auf k\u00fcnstlerische Art ihre wissenschaftlichen Forschungsergebnisse zum Thema Schlaf pr\u00e4sentieren. Die Schau unter dem Titel \u00abSchlafZwischenR\u00e4ume(n)\u00bb ist nach Angaben der Universit\u00e4t ab 17. Februar in der Oldenburger Innenstadt zu sehen. Die Studierenden haben sich den Angaben zufolge zum Beispiel mit dem Schlafen in der \u00d6ffentlichkeit sowie schlaf\u00e4hnlichen Trancezust\u00e4nden beim Feiern in Clubs besch\u00e4ftigt.<\/p>\n<p class=\"MsoPlainText\">&nbsp;<\/p>\n<p class=\"MsoPlainText\">Auch das sogenannte \u00abluzide Tr\u00e4umen\u00bb spielt in der Ausstellung eine Rolle. Dabei k\u00f6nnen Schlafende bewusst ihre Tr\u00e4ume steuern. Auch Schlafrituale, die Produktivit\u00e4t des Schlafs und der Schlaf in Onlinewelten geh\u00f6rten zu den Forschungsthemen, deren Ergebnisse k\u00fcnstlerisch aufbereitet zu sehen seien, hie\u00df es.<\/p>\n<p class=\"MsoPlainText\">&nbsp;<\/p>\n<p class=\"MsoPlainText\">Die Ausstellung beginnt laut Organisatoren am 17. Februar um 18 Uhr mit einer Vernissage an der Haarenstra\u00dfe 39 in der Oldenburger Innenstadt. Dort soll sie au\u00dferdem am darauffolgenden Samstag und Sonntag jeweils von 10 bis 18 Uhr zu sehen sein.<\/p>\n<p class=\"MsoPlainText\">&nbsp;<\/p>\n<p>Kirche-Oldenburg<br \/>\n<a href=\"https:\/\/www.kirche-oldenburg.de\/\/aktuell\/news-niedersachsen\/artikel\/zwischen-trance-und-traeumen-ausstellung-zum-schlaf\" target=\"_blank\" rel=\"noopener\">Zwischen Trance und Tr\u00e4umen: Ausstellung zum Schlaf<\/a><\/p>\n","protected":false},"excerpt":{"rendered":"<p>Oldenburg (epd). Studierende der Universit\u00e4t in OIdenburg wollen mit einer Ausstellung auf k\u00fcnstlerische Art ihre wissenschaftlichen Forschungsergebnisse zum Thema Schlaf pr\u00e4sentieren. Die Schau unter dem Titel \u00abSchlafZwischenR\u00e4ume(n)\u00bb ist nach Angaben der Universit\u00e4t ab 17. Februar in der Oldenburger Innenstadt zu sehen. Die Studierenden haben sich den Angaben zufolge zum Beispiel mit dem Schlafen in der \u00d6ffentlichkeit sowie schlaf\u00e4hnlichen Trancezust\u00e4nden beim Feiern in Clubs besch\u00e4ftigt. &nbsp; Auch das sogenannte \u00abluzide Tr\u00e4umen\u00bb spielt in der Ausstellung eine Rolle. Dabei k\u00f6nnen Schlafende bewusst ihre Tr\u00e4ume steuern. Auch Schlafrituale, die Produktivit\u00e4t des Schlafs und der Schlaf in Onlinewelten geh\u00f6rten zu den Forschungsthemen, deren Ergebnisse&#8230;<\/p>\n","protected":false},"author":7,"featured_media":0,"comment_status":"false","ping_status":"open","sticky":false,"template":"","format":"standard","meta":{"footnotes":""},"categories":[43],"tags":[44],"class_list":["post-23358","post","type-post","status-publish","format-standard","hentry","category-kirche-oldenburg","tag-kirche-oldenburg"],"_links":{"self":[{"href":"https:\/\/christusnews.de\/site\/wp-json\/wp\/v2\/posts\/23358","targetHints":{"allow":["GET"]}}],"collection":[{"href":"https:\/\/christusnews.de\/site\/wp-json\/wp\/v2\/posts"}],"about":[{"href":"https:\/\/christusnews.de\/site\/wp-json\/wp\/v2\/types\/post"}],"author":[{"embeddable":true,"href":"https:\/\/christusnews.de\/site\/wp-json\/wp\/v2\/users\/7"}],"replies":[{"embeddable":true,"href":"https:\/\/christusnews.de\/site\/wp-json\/wp\/v2\/comments?post=23358"}],"version-history":[{"count":1,"href":"https:\/\/christusnews.de\/site\/wp-json\/wp\/v2\/posts\/23358\/revisions"}],"predecessor-version":[{"id":23359,"href":"https:\/\/christusnews.de\/site\/wp-json\/wp\/v2\/posts\/23358\/revisions\/23359"}],"wp:attachment":[{"href":"https:\/\/christusnews.de\/site\/wp-json\/wp\/v2\/media?parent=23358"}],"wp:term":[{"taxonomy":"category","embeddable":true,"href":"https:\/\/christusnews.de\/site\/wp-json\/wp\/v2\/categories?post=23358"},{"taxonomy":"post_tag","embeddable":true,"href":"https:\/\/christusnews.de\/site\/wp-json\/wp\/v2\/tags?post=23358"}],"curies":[{"name":"wp","href":"https:\/\/api.w.org\/{rel}","templated":true}]}}