{"id":23360,"date":"2023-02-10T12:05:00","date_gmt":"2023-02-10T11:05:00","guid":{"rendered":"https:\/\/christusnews.de\/site\/bischof-karl-hinrich-manzke-wird-65-jahre-alt\/"},"modified":"2023-02-13T22:17:24","modified_gmt":"2023-02-13T21:17:24","slug":"bischof-karl-hinrich-manzke-wird-65-jahre-alt","status":"publish","type":"post","link":"https:\/\/christusnews.de\/site\/bischof-karl-hinrich-manzke-wird-65-jahre-alt\/","title":{"rendered":"Bischof Karl-Hinrich Manzke wird 65 Jahre alt"},"content":{"rendered":"<p class=\"MsoPlainText\">B\u00fcckeburg (epd). Der evangelische Landesbischof Karl-Hinrich Manzke aus B\u00fcckeburg feiert am 13. Februar seinen 65. Geburtstag. Der promovierte Theologe steht seit 13 Jahren an der Spitze der Evangelisch-Lutherischen Landeskirche Schaumburg-Lippe im n\u00f6rdlichen Landkreis Schaumburg. In rund einem Jahr, im Februar 2024, werde er in den Ruhestand gehen, sagte Manzke dem Evangelischen Pressedienst (epd). Die Landeskirche will bereits im laufenden Jahr einen Nachfolger oder eine Nachfolgerin w\u00e4hlen.<\/p>\n<p class=\"MsoPlainText\">&nbsp;<\/p>\n<p class=\"MsoPlainText\">Zur schaumburg-lippischen Landeskirche geh\u00f6ren 22 Gemeinden mit rund 48.000 Mitgliedern. Sie ging aus einem fr\u00fcheren F\u00fcrstentum hervor. Ihr Gebiet reicht vom Steinhuder Meer bis an die Grenze Niedersachsens zu Nordrhein-Westfalen. Unter den 20 Landeskirchen in der Evangelischen Kirche in Deutschland (EKD) geh\u00f6rt Schaumburg-Lippe zu den kleinsten. Manzke ist neben seinen Aufgaben vor Ort auch auf Bundesebene t\u00e4tig: als Catholica-Beauftragter der Vereinigten Evangelisch-Lutherischen Kirche Deutschlands (VELKD) und Beauftragter des Rates der EKD f\u00fcr die Seelsorge an der Bundespolizei.<\/p>\n<p class=\"MsoPlainText\">&nbsp;<\/p>\n<p class=\"MsoPlainText\">Manzke wuchs als Sohn eines leitenden Theologen in Celle auf und studierte Theologie und Philosophie in T\u00fcbingen, London und M\u00fcnchen. Nach seinem Examen promovierte er in M\u00fcnchen bei Professor Wolfhart Pannenberg \u00fcber das Thema \u00abEwigkeit und Zeitlichkeit. Aspekte f\u00fcr eine theologische Deutung der Zeit\u00bb.<\/p>\n<p class=\"MsoPlainText\">&nbsp;<\/p>\n<p class=\"MsoPlainText\">2009 wurde als Nachfolger von J\u00fcrgen Johannesdotter zum Landesbischof in B\u00fcckeburg gew\u00e4hlt. Zuvor war er elf Jahre Superintendent in Aurich, sieben Jahre Pastor in Soltau und drei Jahre Studiendirektor im Predigerseminar Imbshausen der hannoverschen Landeskirche bei Northeim. Der Landesbischof ist verheiratet und hat zwei erwachsene Kinder.<\/p>\n<p>Kirche-Oldenburg<br \/>\n<a href=\"https:\/\/www.kirche-oldenburg.de\/\/aktuell\/news-niedersachsen\/artikel\/bischof-karl-hinrich-manzke-wird-65-jahre-alt\" target=\"_blank\" rel=\"noopener\">Bischof Karl-Hinrich Manzke wird 65 Jahre alt<\/a><\/p>\n","protected":false},"excerpt":{"rendered":"<p>B\u00fcckeburg (epd). Der evangelische Landesbischof Karl-Hinrich Manzke aus B\u00fcckeburg feiert am 13. Februar seinen 65. Geburtstag. Der promovierte Theologe steht seit 13 Jahren an der Spitze der Evangelisch-Lutherischen Landeskirche Schaumburg-Lippe im n\u00f6rdlichen Landkreis Schaumburg. In rund einem Jahr, im Februar 2024, werde er in den Ruhestand gehen, sagte Manzke dem Evangelischen Pressedienst (epd). Die Landeskirche will bereits im laufenden Jahr einen Nachfolger oder eine Nachfolgerin w\u00e4hlen. &nbsp; Zur schaumburg-lippischen Landeskirche geh\u00f6ren 22 Gemeinden mit rund 48.000 Mitgliedern. Sie ging aus einem fr\u00fcheren F\u00fcrstentum hervor. Ihr Gebiet reicht vom Steinhuder Meer bis an die Grenze Niedersachsens zu Nordrhein-Westfalen. Unter den 20&#8230;<\/p>\n","protected":false},"author":7,"featured_media":0,"comment_status":"false","ping_status":"open","sticky":false,"template":"","format":"standard","meta":{"footnotes":""},"categories":[43],"tags":[44],"class_list":["post-23360","post","type-post","status-publish","format-standard","hentry","category-kirche-oldenburg","tag-kirche-oldenburg"],"_links":{"self":[{"href":"https:\/\/christusnews.de\/site\/wp-json\/wp\/v2\/posts\/23360","targetHints":{"allow":["GET"]}}],"collection":[{"href":"https:\/\/christusnews.de\/site\/wp-json\/wp\/v2\/posts"}],"about":[{"href":"https:\/\/christusnews.de\/site\/wp-json\/wp\/v2\/types\/post"}],"author":[{"embeddable":true,"href":"https:\/\/christusnews.de\/site\/wp-json\/wp\/v2\/users\/7"}],"replies":[{"embeddable":true,"href":"https:\/\/christusnews.de\/site\/wp-json\/wp\/v2\/comments?post=23360"}],"version-history":[{"count":1,"href":"https:\/\/christusnews.de\/site\/wp-json\/wp\/v2\/posts\/23360\/revisions"}],"predecessor-version":[{"id":23361,"href":"https:\/\/christusnews.de\/site\/wp-json\/wp\/v2\/posts\/23360\/revisions\/23361"}],"wp:attachment":[{"href":"https:\/\/christusnews.de\/site\/wp-json\/wp\/v2\/media?parent=23360"}],"wp:term":[{"taxonomy":"category","embeddable":true,"href":"https:\/\/christusnews.de\/site\/wp-json\/wp\/v2\/categories?post=23360"},{"taxonomy":"post_tag","embeddable":true,"href":"https:\/\/christusnews.de\/site\/wp-json\/wp\/v2\/tags?post=23360"}],"curies":[{"name":"wp","href":"https:\/\/api.w.org\/{rel}","templated":true}]}}