{"id":23383,"date":"2023-02-16T09:18:00","date_gmt":"2023-02-16T08:18:00","guid":{"rendered":"https:\/\/christusnews.de\/site\/land-zeigt-trauerbeflaggung-im-gedenken-an-erdbebenopfer\/"},"modified":"2023-02-17T10:17:21","modified_gmt":"2023-02-17T09:17:21","slug":"land-zeigt-trauerbeflaggung-im-gedenken-an-erdbebenopfer","status":"publish","type":"post","link":"https:\/\/christusnews.de\/site\/land-zeigt-trauerbeflaggung-im-gedenken-an-erdbebenopfer\/","title":{"rendered":"Land zeigt Trauerbeflaggung im Gedenken an Erdbebenopfer"},"content":{"rendered":"<p>Hannover (epd). Die Staatskanzlei, Ministerien, der Landtag sowie der Staatsgerichtshof in Niedersachsen zeigen am Freitag Trauerbeflaggung im Gedenken an die Opfer der Erbeben in der Grenzregion der T\u00fcrkei und Syriens. \u00abWir m\u00f6chten ein Zeichen der Trauer, der Anteilnahme und der Solidarit\u00e4t setzen\u00bb, sagte am Donnerstag Ministerpr\u00e4sident Stephan Weil (SPD) in Hannover. Das Ausma\u00df der Erdbeben mit vielen zehntausenden Todesopfern und Verletzten und mit Millionen Menschen, die vor den Tr\u00fcmmern ihrer Existenz st\u00fcnden, sei zutiefst best\u00fcrzend.<\/p>\n<p>\n\u00abWir gedenken der Opfer und sprechen deren Angeh\u00f6rigen unsere herzliche Anteilnahme aus\u00bb, betonte Weil. Viele Nieders\u00e4chsinnen und Niedersachsen h\u00e4tten Verwandte, Freunde und Bekannte in der Erdbebenregion. \u00abSie trauern, sind in gro\u00dfer Sorge und verzweifelt angesichts der unfassbaren Katastrophe. Ihnen gilt unser Mitgef\u00fchl und unsere Solidarit\u00e4t ganz besonders. Wir trauern und f\u00fchlen mit ihnen.\u00bb<\/p>\n<p>\nEr sei dankbar f\u00fcr die gro\u00dfe Anteilnahme und enorme Hilfsbereitschaft der Menschen in Niedersachsen, und daf\u00fcr, \u00abdass wir angesichts dieser verheerenden Katastrophe zusammenstehen\u00bb, erg\u00e4nzte der Ministerpr\u00e4sident. Er danke allen, die helfen, sei es mit Spenden, Aktionen oder mit tr\u00f6stenden Worten.<\/p>\n<p>Kirche-Oldenburg<br \/>\n<a href=\"https:\/\/www.kirche-oldenburg.de\/\/aktuell\/news-niedersachsen\/artikel\/land-zeigt-trauerbeflaggung-im-gedenken-an-erdbebenopfer\" target=\"_blank\" rel=\"noopener\">Land zeigt Trauerbeflaggung im Gedenken an Erdbebenopfer<\/a><\/p>\n","protected":false},"excerpt":{"rendered":"<p>Hannover (epd). Die Staatskanzlei, Ministerien, der Landtag sowie der Staatsgerichtshof in Niedersachsen zeigen am Freitag Trauerbeflaggung im Gedenken an die Opfer der Erbeben in der Grenzregion der T\u00fcrkei und Syriens. \u00abWir m\u00f6chten ein Zeichen der Trauer, der Anteilnahme und der Solidarit\u00e4t setzen\u00bb, sagte am Donnerstag Ministerpr\u00e4sident Stephan Weil (SPD) in Hannover. Das Ausma\u00df der Erdbeben mit vielen zehntausenden Todesopfern und Verletzten und mit Millionen Menschen, die vor den Tr\u00fcmmern ihrer Existenz st\u00fcnden, sei zutiefst best\u00fcrzend. \u00abWir gedenken der Opfer und sprechen deren Angeh\u00f6rigen unsere herzliche Anteilnahme aus\u00bb, betonte Weil. Viele Nieders\u00e4chsinnen und Niedersachsen h\u00e4tten Verwandte, Freunde und Bekannte in der&#8230;<\/p>\n","protected":false},"author":7,"featured_media":0,"comment_status":"false","ping_status":"open","sticky":false,"template":"","format":"standard","meta":{"footnotes":""},"categories":[43],"tags":[44],"class_list":["post-23383","post","type-post","status-publish","format-standard","hentry","category-kirche-oldenburg","tag-kirche-oldenburg"],"_links":{"self":[{"href":"https:\/\/christusnews.de\/site\/wp-json\/wp\/v2\/posts\/23383","targetHints":{"allow":["GET"]}}],"collection":[{"href":"https:\/\/christusnews.de\/site\/wp-json\/wp\/v2\/posts"}],"about":[{"href":"https:\/\/christusnews.de\/site\/wp-json\/wp\/v2\/types\/post"}],"author":[{"embeddable":true,"href":"https:\/\/christusnews.de\/site\/wp-json\/wp\/v2\/users\/7"}],"replies":[{"embeddable":true,"href":"https:\/\/christusnews.de\/site\/wp-json\/wp\/v2\/comments?post=23383"}],"version-history":[{"count":1,"href":"https:\/\/christusnews.de\/site\/wp-json\/wp\/v2\/posts\/23383\/revisions"}],"predecessor-version":[{"id":23384,"href":"https:\/\/christusnews.de\/site\/wp-json\/wp\/v2\/posts\/23383\/revisions\/23384"}],"wp:attachment":[{"href":"https:\/\/christusnews.de\/site\/wp-json\/wp\/v2\/media?parent=23383"}],"wp:term":[{"taxonomy":"category","embeddable":true,"href":"https:\/\/christusnews.de\/site\/wp-json\/wp\/v2\/categories?post=23383"},{"taxonomy":"post_tag","embeddable":true,"href":"https:\/\/christusnews.de\/site\/wp-json\/wp\/v2\/tags?post=23383"}],"curies":[{"name":"wp","href":"https:\/\/api.w.org\/{rel}","templated":true}]}}