{"id":23402,"date":"2023-02-21T17:45:03","date_gmt":"2023-02-21T16:45:03","guid":{"rendered":"https:\/\/christusnews.de\/site\/?p=23402"},"modified":"2023-02-21T17:45:06","modified_gmt":"2023-02-21T16:45:06","slug":"blaetter","status":"publish","type":"post","link":"https:\/\/christusnews.de\/site\/blaetter\/","title":{"rendered":"Bl\u00e4tter"},"content":{"rendered":"\n<p>Wieso h\u00e4ngen da noch Bl\u00e4tter an den B\u00e4umen?<\/p>\n\n\n\n<p>Das fragen sich Besucher:innen auf dem Heppenser Friedhof.<\/p>\n\n\n\n<p>Die B\u00e4ume sind winterkahl,&nbsp;<\/p>\n\n\n\n<p>aber vereinzelt wehen Laubbl\u00e4tter im Wind.<\/p>\n\n\n\n<p>Sie sind mit B\u00e4ndern befestigt und beschriftet mit Fragen.<\/p>\n\n\n\n<p>Was war ein besonders sch\u00f6ner Moment?&nbsp;<\/p>\n\n\n\n<p>Wo f\u00fchlst du den Schmerz?&nbsp;<\/p>\n\n\n\n<p>Worte aufgeschrieben als diese Laubbl\u00e4tter noch gr\u00fcn waren.&nbsp;<\/p>\n\n\n\n<p>Auf anderen stehen S\u00e4tze:<\/p>\n\n\n\n<p>Ich bin bei dir.&nbsp;<\/p>\n\n\n\n<p>Die Liebe ist st\u00e4rker als der Tod.&nbsp;<\/p>\n\n\n\n<p>Die Bl\u00e4tterinstallation ist eine Kunstaktion von Trauer.Haven.<\/p>\n\n\n\n<p>Trauerhaven ist ein Angebot f\u00fcr trauernde Kinder und Jugendliche im Heppenser Gemeindehaus.<\/p>\n\n\n\n<p>\u201eLaub ist ein Zeichen der Verg\u00e4nglichkeit, f\u00fcr Wachsen und Vergehen. Die ideale Leinwand f\u00fcr die Fragen zum Thema Trauer,\u201c sagt Silvia Zahn-Claus, die den Trauerhaven leitet und diese Kunstaktion durchgef\u00fchrt hat.&nbsp;<\/p>\n\n\n\n<p>Allm\u00e4hlich verblassen die Fragen und zerbr\u00f6seln die Bl\u00e4tter.&nbsp;<\/p>\n\n\n\n<p>Aber schon bl\u00fchen unten auf dem Boden die ersten Elfenkrokusse.&nbsp;<\/p>\n\n\n\n<p>Neues Leben bricht sich Bahn.&nbsp;<\/p>\n\n\n\n<p><\/p>\n\n\n\n<blockquote class=\"wp-block-quote is-layout-flow wp-block-quote-is-layout-flow\">\n<p><strong>Rainer Claus<\/strong><br><em>H\u00f6ren Sie diesen Beitrag bei Radio Jade:<\/em><br><a rel=\"noreferrer noopener\" href=\"http:\/\/www.radio-jade.de\/mediathek\/angedacht\/\" target=\"_blank\"><em>Alle Beitr\u00e4ge im \u00dcberblick | RADIO JADE<\/em><\/a><\/p>\n<\/blockquote>\n","protected":false},"excerpt":{"rendered":"<p>Wieso h\u00e4ngen da noch Bl\u00e4tter an den B\u00e4umen? Das fragen sich Besucher:innen auf dem Heppenser Friedhof. Die B\u00e4ume sind winterkahl,&nbsp; aber vereinzelt wehen Laubbl\u00e4tter im Wind. Sie sind mit B\u00e4ndern befestigt und beschriftet mit Fragen. Was war ein besonders sch\u00f6ner Moment?&nbsp; Wo f\u00fchlst du den Schmerz?&nbsp; Worte aufgeschrieben als diese Laubbl\u00e4tter noch gr\u00fcn waren.&nbsp; Auf anderen stehen S\u00e4tze: Ich bin bei dir.&nbsp; Die Liebe ist st\u00e4rker als der Tod.&nbsp; Die Bl\u00e4tterinstallation ist eine Kunstaktion von Trauer.Haven. Trauerhaven ist ein Angebot f\u00fcr trauernde Kinder und Jugendliche im Heppenser Gemeindehaus. \u201eLaub ist ein Zeichen der Verg\u00e4nglichkeit, f\u00fcr Wachsen und Vergehen. Die ideale&#8230;<\/p>\n","protected":false},"author":6,"featured_media":1171,"comment_status":"closed","ping_status":"open","sticky":false,"template":"","format":"standard","meta":{"footnotes":""},"categories":[5],"tags":[],"class_list":["post-23402","post","type-post","status-publish","format-standard","has-post-thumbnail","hentry","category-angedacht"],"_links":{"self":[{"href":"https:\/\/christusnews.de\/site\/wp-json\/wp\/v2\/posts\/23402","targetHints":{"allow":["GET"]}}],"collection":[{"href":"https:\/\/christusnews.de\/site\/wp-json\/wp\/v2\/posts"}],"about":[{"href":"https:\/\/christusnews.de\/site\/wp-json\/wp\/v2\/types\/post"}],"author":[{"embeddable":true,"href":"https:\/\/christusnews.de\/site\/wp-json\/wp\/v2\/users\/6"}],"replies":[{"embeddable":true,"href":"https:\/\/christusnews.de\/site\/wp-json\/wp\/v2\/comments?post=23402"}],"version-history":[{"count":1,"href":"https:\/\/christusnews.de\/site\/wp-json\/wp\/v2\/posts\/23402\/revisions"}],"predecessor-version":[{"id":23403,"href":"https:\/\/christusnews.de\/site\/wp-json\/wp\/v2\/posts\/23402\/revisions\/23403"}],"wp:featuredmedia":[{"embeddable":true,"href":"https:\/\/christusnews.de\/site\/wp-json\/wp\/v2\/media\/1171"}],"wp:attachment":[{"href":"https:\/\/christusnews.de\/site\/wp-json\/wp\/v2\/media?parent=23402"}],"wp:term":[{"taxonomy":"category","embeddable":true,"href":"https:\/\/christusnews.de\/site\/wp-json\/wp\/v2\/categories?post=23402"},{"taxonomy":"post_tag","embeddable":true,"href":"https:\/\/christusnews.de\/site\/wp-json\/wp\/v2\/tags?post=23402"}],"curies":[{"name":"wp","href":"https:\/\/api.w.org\/{rel}","templated":true}]}}