{"id":23407,"date":"2023-02-23T09:00:00","date_gmt":"2023-02-23T08:00:00","guid":{"rendered":"https:\/\/christusnews.de\/site\/?p=23407"},"modified":"2023-02-21T17:47:18","modified_gmt":"2023-02-21T16:47:18","slug":"jahr-der-taufe","status":"publish","type":"post","link":"https:\/\/christusnews.de\/site\/jahr-der-taufe\/","title":{"rendered":"Jahr der Taufe"},"content":{"rendered":"\n<p>Wo steht einer der \u00e4ltesten Taufsteine der Stadt? In der Heppenser Kirche. Vermutlich stand dieser 800 Jahre romanische Stein schon in einer anderen, vermutlich untergegangenen Kirche.&nbsp;<\/p>\n\n\n\n<p>Auch in diesem Jahr werden dort wieder Menschen getauft und h\u00f6ren den Zuspruch Gottes:&nbsp;<\/p>\n\n\n\n<p>F\u00fcrchte dich nicht. Ich habe dich bei deinem Namen gerufen.&nbsp;<\/p>\n\n\n\n<p>Auch unter den Apfelb\u00e4umen auf der Heppenser Streuobstwiese werden wir taufen beim Kindergartenfest und im September am S\u00fcdstrand.&nbsp;<\/p>\n\n\n\n<p>Die Nachfrage im letzten Jahr war gro\u00df, darum gibt es im September gleich die n\u00e4chste S\u00fcdstrandtaufe.&nbsp;Mit Blick auf das Meer, dem wohl sch\u00f6nsten Altarbild Wilhelmshavens werden viele Menschen mit uns feiern. Ein Jahr der Taufen m\u00f6ge es werden, so hat es die Evangelische Kirche in Deutschland f\u00fcr 2023 ausgerufen. In dieser Zeit der Krisen suchen wir nach Halt, sehnen uns nach Zugeh\u00f6rigkeit und fragen nach Hoffnung.&nbsp;&nbsp;Taufe \u2013 vielleicht auch eine M\u00f6glichkeit f\u00fcr Dich?&nbsp;<\/p>\n\n\n\n<p><\/p>\n\n\n\n<blockquote class=\"wp-block-quote is-layout-flow wp-block-quote-is-layout-flow\">\n<p><strong>Rainer Claus<\/strong><br><em>H\u00f6ren Sie diesen Beitrag bei Radio Jade:<\/em><br><a rel=\"noreferrer noopener\" href=\"http:\/\/www.radio-jade.de\/mediathek\/angedacht\/\" target=\"_blank\"><em>Alle Beitr\u00e4ge im \u00dcberblick | RADIO JADE<\/em><\/a><\/p>\n<\/blockquote>\n","protected":false},"excerpt":{"rendered":"<p>Wo steht einer der \u00e4ltesten Taufsteine der Stadt? In der Heppenser Kirche. Vermutlich stand dieser 800 Jahre romanische Stein schon in einer anderen, vermutlich untergegangenen Kirche.&nbsp; Auch in diesem Jahr werden dort wieder Menschen getauft und h\u00f6ren den Zuspruch Gottes:&nbsp; F\u00fcrchte dich nicht. Ich habe dich bei deinem Namen gerufen.&nbsp; Auch unter den Apfelb\u00e4umen auf der Heppenser Streuobstwiese werden wir taufen beim Kindergartenfest und im September am S\u00fcdstrand.&nbsp; Die Nachfrage im letzten Jahr war gro\u00df, darum gibt es im September gleich die n\u00e4chste S\u00fcdstrandtaufe.&nbsp;Mit Blick auf das Meer, dem wohl sch\u00f6nsten Altarbild Wilhelmshavens werden viele Menschen mit uns feiern. Ein&#8230;<\/p>\n","protected":false},"author":6,"featured_media":1171,"comment_status":"closed","ping_status":"open","sticky":false,"template":"","format":"standard","meta":{"footnotes":""},"categories":[5],"tags":[],"class_list":["post-23407","post","type-post","status-publish","format-standard","has-post-thumbnail","hentry","category-angedacht"],"_links":{"self":[{"href":"https:\/\/christusnews.de\/site\/wp-json\/wp\/v2\/posts\/23407","targetHints":{"allow":["GET"]}}],"collection":[{"href":"https:\/\/christusnews.de\/site\/wp-json\/wp\/v2\/posts"}],"about":[{"href":"https:\/\/christusnews.de\/site\/wp-json\/wp\/v2\/types\/post"}],"author":[{"embeddable":true,"href":"https:\/\/christusnews.de\/site\/wp-json\/wp\/v2\/users\/6"}],"replies":[{"embeddable":true,"href":"https:\/\/christusnews.de\/site\/wp-json\/wp\/v2\/comments?post=23407"}],"version-history":[{"count":1,"href":"https:\/\/christusnews.de\/site\/wp-json\/wp\/v2\/posts\/23407\/revisions"}],"predecessor-version":[{"id":23408,"href":"https:\/\/christusnews.de\/site\/wp-json\/wp\/v2\/posts\/23407\/revisions\/23408"}],"wp:featuredmedia":[{"embeddable":true,"href":"https:\/\/christusnews.de\/site\/wp-json\/wp\/v2\/media\/1171"}],"wp:attachment":[{"href":"https:\/\/christusnews.de\/site\/wp-json\/wp\/v2\/media?parent=23407"}],"wp:term":[{"taxonomy":"category","embeddable":true,"href":"https:\/\/christusnews.de\/site\/wp-json\/wp\/v2\/categories?post=23407"},{"taxonomy":"post_tag","embeddable":true,"href":"https:\/\/christusnews.de\/site\/wp-json\/wp\/v2\/tags?post=23407"}],"curies":[{"name":"wp","href":"https:\/\/api.w.org\/{rel}","templated":true}]}}