{"id":23419,"date":"2023-02-26T11:51:00","date_gmt":"2023-02-26T10:51:00","guid":{"rendered":"https:\/\/christusnews.de\/site\/oldenburg-landesbischof-meister-eroeffnet-fastenaktion-7-wochen-ohne\/"},"modified":"2023-02-27T10:17:20","modified_gmt":"2023-02-27T09:17:20","slug":"oldenburg-landesbischof-meister-eroeffnet-fastenaktion-7-wochen-ohne","status":"publish","type":"post","link":"https:\/\/christusnews.de\/site\/oldenburg-landesbischof-meister-eroeffnet-fastenaktion-7-wochen-ohne\/","title":{"rendered":"Oldenburg: Landesbischof Meister er\u00f6ffnet Fastenaktion \u201e7 Wochen ohne\u201c"},"content":{"rendered":"<p><strong>In der Fastenzeit vor Ostern \u00fcberdenken viele Christen ihren Lebensstil, manche verzichten aus freien St\u00fccken auf Fleisch oder Alkohol. Die diesj\u00e4hrige Fastenaktion der evangelischen Kirche will ein Zeichen f\u00fcr Mut und gegen Verzagtheit setzen.<\/strong><\/p>\n<p>Oldenburg (epd). Mit einem Fernsehgottesdienst im ZDF hat die evangelische Kirche am Sonntag ihre diesj\u00e4hrige Fastenaktion unter dem Motto \u00abLeuchten! 7 Wochen ohne Verzagtheit\u00bb er\u00f6ffnet. Bei der<br \/>\nFeier in der Oldenburger Kirche St. Ansgar rief der hannoversche Landesbischof Ralf Meister die Christen dazu auf, beherzt und engagiert f\u00fcr andere Menschen einzutreten: \u00abMachen wir uns nicht klein. Gehen wir mutig in die Welt, denn das Evangelium ist mutig\u00bb, sagte er in seiner Predigt. Meister ist in diesem Jahr Botschafter der Fastenaktion.<\/p>\n<p>Auch er kenne Zeiten der Mutlosigkeit, sagte der Bischof. Der Krieg in der Ukraine, die katastrophale Lage in den Erdbeben-Gebieten oder der Klimawandel raubten ihm oft genug den Schlaf. Doch Gott vertraue den Menschen: \u00abEr schafft in uns, was wir von uns aus nicht k\u00f6nnen: Licht sein. Leuchten. F\u00fcr uns und f\u00fcr andere\u00bb, betonte Meister. So sei auch Jesu Botschaft \u00abIhr seid das Licht der Welt\u00bb zun\u00e4chst an eine Gruppe ganz normaler Menschen gegangen.<\/p>\n<p>Meister berichtete vom Besuch bei einer christlichen Gemeinde in der schwer zerst\u00f6rten syrischen Stadt Homs vor einigen Jahren. Dort habe er eine Frau gefragt, warum sie sich gemeinsam mit anderen f\u00fcr traumatisierte Kinder einsetze. Sie habe geantwortet: \u00abIch bin Christin. Wir alle hier sind Christen. Diese Welt braucht Hoffnung. Wenn nicht durch uns, durch wen denn sonst?\u00bb Diese Worte seien f\u00fcr ihn unvergesslich geblieben, sagte Meister: \u00abGott bef\u00e4higt uns zu leuchten.\u00bb<\/p>\n<p>Bei dem Gottesdienst in der voll besetzten Kirche erz\u00e4hlten Mitarbeitende von ihren ganz pers\u00f6nlichen \u00abLeuchtmomenten\u00bb: in der Arbeit mit behinderten Menschen, bei Ausfl\u00fcgen ans Meer, im Freundeskreis oder im eigenen Garten. Die Popkantorin der oldenburgischen Kirche, Sarina Lal, sowie Jann Poppen am E-Piano und Jonas Mosebach an der Kistentrommel begleiteten die Feier mit Pop- und Gospel-Kl\u00e4ngen.<\/p>\n<p>In der Fasten- oder Passionszeit erinnern Christen an das Leiden und Sterben Jesu Christi und bereiten sich auf Ostern vor, das Fest der Auferstehung. Die evangelische Aktion \u00ab7 Wochen ohne\u00bb soll helfen, diese Wochen bewusst zu erleben und zu gestalten. J\u00e4hrlich beteiligen sich nach Angaben den Organisatoren rund zwei Millionen Menschen an der Fasteninitiative, um ihre gewohnten Konsum- und Verhaltensweisen zu \u00fcberdenken und neue Lebensziele zu finden. Viele verzichten in dieser Zeit etwa auf Fleisch oder Wein, Schokolade oder Nikotin oder auf digitalen Konsum.<\/p>\n<p><em>epd-Landesdienst Niedersachsen-Bremen<\/em><\/p>\n<p><a href=\"https:\/\/7wochenohne.evangelisch.de\/\">Zur Website der Fastenaktion \u201e7 Wochen ohne\u201c<\/a><br \/>\n&nbsp;<\/p>\n<p><a href=\"https:\/\/www.zdf.de\/gesellschaft\/gottesdienste\/evangelischer-gottesdienst-524.html?fbclid=IwAR0q2_ECFDtC-yM4iVBZ4tvo20CI6l61cgT5KUhjIVBZSOyG2oRFWugET34\">Gottesdienst mit Nico Szameitat und Landesbischof Ralf Meister in der ZDF-Mediathek<\/a><br \/>\n&nbsp;<\/p>\n<p>Kirche-Oldenburg<br \/>\n<a href=\"https:\/\/www.kirche-oldenburg.de\/\/aktuell\/news-niedersachsen\/artikel\/oldenburg-landesbischof-meister-eroeffnet-fastenaktion-7-wochen-ohne\" target=\"_blank\" rel=\"noopener\">Oldenburg: Landesbischof Meister er\u00f6ffnet Fastenaktion \u201e7 Wochen ohne\u201c<\/a><\/p>\n","protected":false},"excerpt":{"rendered":"<p>In der Fastenzeit vor Ostern \u00fcberdenken viele Christen ihren Lebensstil, manche verzichten aus freien St\u00fccken auf Fleisch oder Alkohol. Die diesj\u00e4hrige Fastenaktion der evangelischen Kirche will ein Zeichen f\u00fcr Mut und gegen Verzagtheit setzen. Oldenburg (epd). Mit einem Fernsehgottesdienst im ZDF hat die evangelische Kirche am Sonntag ihre diesj\u00e4hrige Fastenaktion unter dem Motto \u00abLeuchten! 7 Wochen ohne Verzagtheit\u00bb er\u00f6ffnet. Bei der Feier in der Oldenburger Kirche St. Ansgar rief der hannoversche Landesbischof Ralf Meister die Christen dazu auf, beherzt und engagiert f\u00fcr andere Menschen einzutreten: \u00abMachen wir uns nicht klein. Gehen wir mutig in die Welt, denn das Evangelium ist&#8230;<\/p>\n","protected":false},"author":7,"featured_media":0,"comment_status":"false","ping_status":"open","sticky":false,"template":"","format":"standard","meta":{"footnotes":""},"categories":[43],"tags":[44],"class_list":["post-23419","post","type-post","status-publish","format-standard","hentry","category-kirche-oldenburg","tag-kirche-oldenburg"],"_links":{"self":[{"href":"https:\/\/christusnews.de\/site\/wp-json\/wp\/v2\/posts\/23419","targetHints":{"allow":["GET"]}}],"collection":[{"href":"https:\/\/christusnews.de\/site\/wp-json\/wp\/v2\/posts"}],"about":[{"href":"https:\/\/christusnews.de\/site\/wp-json\/wp\/v2\/types\/post"}],"author":[{"embeddable":true,"href":"https:\/\/christusnews.de\/site\/wp-json\/wp\/v2\/users\/7"}],"replies":[{"embeddable":true,"href":"https:\/\/christusnews.de\/site\/wp-json\/wp\/v2\/comments?post=23419"}],"version-history":[{"count":1,"href":"https:\/\/christusnews.de\/site\/wp-json\/wp\/v2\/posts\/23419\/revisions"}],"predecessor-version":[{"id":23420,"href":"https:\/\/christusnews.de\/site\/wp-json\/wp\/v2\/posts\/23419\/revisions\/23420"}],"wp:attachment":[{"href":"https:\/\/christusnews.de\/site\/wp-json\/wp\/v2\/media?parent=23419"}],"wp:term":[{"taxonomy":"category","embeddable":true,"href":"https:\/\/christusnews.de\/site\/wp-json\/wp\/v2\/categories?post=23419"},{"taxonomy":"post_tag","embeddable":true,"href":"https:\/\/christusnews.de\/site\/wp-json\/wp\/v2\/tags?post=23419"}],"curies":[{"name":"wp","href":"https:\/\/api.w.org\/{rel}","templated":true}]}}