{"id":23421,"date":"2023-02-25T04:09:00","date_gmt":"2023-02-25T03:09:00","guid":{"rendered":"https:\/\/christusnews.de\/site\/menschen-in-niedersachsen-und-bremen-setzen-zeichen-fuer-den-frieden\/"},"modified":"2023-02-27T10:17:21","modified_gmt":"2023-02-27T09:17:21","slug":"menschen-in-niedersachsen-und-bremen-setzen-zeichen-fuer-den-frieden","status":"publish","type":"post","link":"https:\/\/christusnews.de\/site\/menschen-in-niedersachsen-und-bremen-setzen-zeichen-fuer-den-frieden\/","title":{"rendered":"Menschen in Niedersachsen und Bremen setzen Zeichen f\u00fcr den Frieden"},"content":{"rendered":"<p>Bereits seit einem Jahr tobt der Krieg zwischen der Ukraine und Russland. Am Freitag forderten Menschen bei zahlreichen Kundgebungen Solidarit\u00e4t und Frieden.<\/p>\n<p>Hannover\/Bremen (epd). Mit mehreren Demonstrationen haben Niedersachsen und Bremer am gegen den russischen Angriffskrieg auf die Ukraine protestiert und mehr Anstrengungen f\u00fcr den Frieden gefordert. Anlass war der erste Jahrestag der Invasion. Bei Veranstaltungen unter anderem in Bremen, Osnabr\u00fcck, Braunschweig und Hannover kamen nach Z\u00e4hlungen von Polizei und Veranstaltern insgesamt mehr als 22.000 Menschen zusammen. Zahlreiche Politiker und Kirchenvertreter begleiteten die Kundgebungen mit Wortbeitr\u00e4gen.<\/p>\n<p>Bei der gr\u00f6\u00dften Aktion bildeten rund 20.000 Menschen eine \u00abFriedenskette\u00bb zwischen Osnabr\u00fcck und M\u00fcnster &#8211; den St\u00e4dten des Westf\u00e4lischen Friedens von 1648. In der westf\u00e4lischen Gemeinde Ladbergen im Landkreis Steinfurt verbanden sich die Kettenglieder aus Osnabr\u00fcck und M\u00fcnster symbolisch miteinander. Dort trafen die Osnabr\u00fccker Oberb\u00fcrgermeisterin Katharina P\u00f6tter (CDU), der M\u00fcnsteraner B\u00fcrgermeister Klaus Rosenau (Gr\u00fcne) sowie etwa ein&nbsp; Dutzend weitere B\u00fcrgermeisterinnen und B\u00fcrgermeister zusammen.<\/p>\n<p>In Hannover sagte Ministerpr\u00e4sident Stephan Weil (SPD) vor rund 1.000 Demonstrierenden, niemand d\u00fcrfe sich an diesen v\u00f6lkerrechtswidrigen Krieg gew\u00f6hnen: \u00abDas ist ein Verbrechen, und in dem Moment, wo wir uns an diesen Krieg gew\u00f6hnen, gew\u00f6hnen wir uns an ein Verbrechen.\u00bb Der evangelische Landesbischof Ralf Meister erg\u00e4nzte, Ziel aller Bem\u00fchungen m\u00fcsse ein gerechter Friede f\u00fcr die Menschen in der Ukraine sein. Der Theologe sicherte den Ukrainern die Solidarit\u00e4t der Deutschen zu: \u00abEuer Schmerz ist unser Schmerz, und eure Sehnsucht ist unsere Sehnsucht.\u00bb<\/p>\n<p>Auf dem Bremer Marktplatz kamen mehr als 700 Menschen zusammen. Die ukrainische Bev\u00f6lkerung verteidige mit beispiellosem Mut ihr Land und m\u00fcsse dabei unterst\u00fctzt werden, sagte der Pr\u00e4sident der Bremischen B\u00fcrgerschaft, Frank Imhoff (CDU): \u00abUnd zwar humanit\u00e4r, milit\u00e4risch und moralisch.\u00bb Bremens B\u00fcrgermeister Andreas Bovenschulte (SPD) warnte: \u00abDas Schlimmste ist, wenn man sich an die Gewalt des russischen Angriffskrieges gew\u00f6hnt.\u00bb Doch das werde nie passieren.<\/p>\n<p>In einem \u00abFriedenswort\u00bb betonte der leitende Bremer Theologen Bernd Kuschnerus, er habe Verst\u00e4ndnis f\u00fcr die Entscheidungen der deutschen Regierung, Waffen zu liefern, um Menschen zu sch\u00fctzen und Recht wieder herzustellen. Eine solche Entscheidung befreie nicht von Schuld. \u00abAber damit wird das geringere \u00dcbel gew\u00e4hlt. Denn sowohl die Anwendung von Gewalt als auch der Verzicht darauf, dem Aggressor mit Gewalt zu widerstehen, bedeutet, schuldig zu werden.\u00bb<\/p>\n<p>In Braunschweig demonstrierten rund 600 Menschen f\u00fcr Solidarit\u00e4t und Frieden. Oberb\u00fcrgermeister Thorsten Kornblum (SPD) sagte, der Krieg habe uns\u00e4gliches Leid \u00fcber das ukrainische Volk gebracht. \u00abWir f\u00fchlen uns hilflos angesichts der unschuldigen Kinder und Familien, die in U-Bahn-Sch\u00e4chten um ihr Leben bangen.\u00bb Doch es sei m\u00f6glich zu helfen, und der Krieg habe auch zu einer riesigen Welle zivilgesellschaftlicher Hilfsbereitschaft gef\u00fchrt.<\/p>\n<p>&nbsp;<\/p>\n<p>Kirche-Oldenburg<br \/>\n<a href=\"https:\/\/www.kirche-oldenburg.de\/\/aktuell\/news-niedersachsen\/artikel\/menschen-in-niedersachsen-und-bremen-setzen-zeichen-fuer-den-frieden\" target=\"_blank\" rel=\"noopener\">Menschen in Niedersachsen und Bremen setzen Zeichen f\u00fcr den Frieden<\/a><\/p>\n","protected":false},"excerpt":{"rendered":"<p>Bereits seit einem Jahr tobt der Krieg zwischen der Ukraine und Russland. Am Freitag forderten Menschen bei zahlreichen Kundgebungen Solidarit\u00e4t und Frieden. Hannover\/Bremen (epd). Mit mehreren Demonstrationen haben Niedersachsen und Bremer am gegen den russischen Angriffskrieg auf die Ukraine protestiert und mehr Anstrengungen f\u00fcr den Frieden gefordert. Anlass war der erste Jahrestag der Invasion. Bei Veranstaltungen unter anderem in Bremen, Osnabr\u00fcck, Braunschweig und Hannover kamen nach Z\u00e4hlungen von Polizei und Veranstaltern insgesamt mehr als 22.000 Menschen zusammen. Zahlreiche Politiker und Kirchenvertreter begleiteten die Kundgebungen mit Wortbeitr\u00e4gen. Bei der gr\u00f6\u00dften Aktion bildeten rund 20.000 Menschen eine \u00abFriedenskette\u00bb zwischen Osnabr\u00fcck und M\u00fcnster&#8230;<\/p>\n","protected":false},"author":7,"featured_media":0,"comment_status":"false","ping_status":"open","sticky":false,"template":"","format":"standard","meta":{"footnotes":""},"categories":[43],"tags":[44],"class_list":["post-23421","post","type-post","status-publish","format-standard","hentry","category-kirche-oldenburg","tag-kirche-oldenburg"],"_links":{"self":[{"href":"https:\/\/christusnews.de\/site\/wp-json\/wp\/v2\/posts\/23421","targetHints":{"allow":["GET"]}}],"collection":[{"href":"https:\/\/christusnews.de\/site\/wp-json\/wp\/v2\/posts"}],"about":[{"href":"https:\/\/christusnews.de\/site\/wp-json\/wp\/v2\/types\/post"}],"author":[{"embeddable":true,"href":"https:\/\/christusnews.de\/site\/wp-json\/wp\/v2\/users\/7"}],"replies":[{"embeddable":true,"href":"https:\/\/christusnews.de\/site\/wp-json\/wp\/v2\/comments?post=23421"}],"version-history":[{"count":1,"href":"https:\/\/christusnews.de\/site\/wp-json\/wp\/v2\/posts\/23421\/revisions"}],"predecessor-version":[{"id":23422,"href":"https:\/\/christusnews.de\/site\/wp-json\/wp\/v2\/posts\/23421\/revisions\/23422"}],"wp:attachment":[{"href":"https:\/\/christusnews.de\/site\/wp-json\/wp\/v2\/media?parent=23421"}],"wp:term":[{"taxonomy":"category","embeddable":true,"href":"https:\/\/christusnews.de\/site\/wp-json\/wp\/v2\/categories?post=23421"},{"taxonomy":"post_tag","embeddable":true,"href":"https:\/\/christusnews.de\/site\/wp-json\/wp\/v2\/tags?post=23421"}],"curies":[{"name":"wp","href":"https:\/\/api.w.org\/{rel}","templated":true}]}}