{"id":23431,"date":"2023-02-23T04:18:00","date_gmt":"2023-02-23T03:18:00","guid":{"rendered":"https:\/\/christusnews.de\/site\/ukrainekrieg-evangelische-jugend-will-sich-fuer-versoehnung-einsetzen\/"},"modified":"2023-02-27T10:17:23","modified_gmt":"2023-02-27T09:17:23","slug":"ukrainekrieg-evangelische-jugend-will-sich-fuer-versoehnung-einsetzen","status":"publish","type":"post","link":"https:\/\/christusnews.de\/site\/ukrainekrieg-evangelische-jugend-will-sich-fuer-versoehnung-einsetzen\/","title":{"rendered":"Ukrainekrieg: Evangelische Jugend will sich f\u00fcr Vers\u00f6hnung einsetzen"},"content":{"rendered":"<p>Hannover (epd). Zum Jahrestag des russischen \u00dcberfalls auf die Ukraine hat die Evangelische Jugend an die Kriegsparteien und \u00abdie M\u00e4chtigen in unserem Land und in der Welt\u00bb appelliert, den Krieg zu beenden. \u00abSchafft nachhaltige Voraussetzungen f\u00fcr gewaltfreie Konfliktl\u00f6sungen\u00bb, forderte die Arbeitsgemeinschaft der Evangelischen Jugend in Deutschland (aej) am Donnerstag in einer Mitteilung.<\/p>\n<p>Der aej-Vorsitzende Hansj\u00f6rg Kopp rief zu Solidarit\u00e4t mit den notleidenden Ukrainerinnen und Ukrainern auf, aber auch mit den Menschen in Russland. Diese brauchten Unterst\u00fctzung, \u00abdamit sie dem W\u00fcrgegriff eines immer totalit\u00e4reren Polizeistaates entfliehen k\u00f6nnen\u00bb.<\/p>\n<p>Zudem sei es an der Zeit, sich schon jetzt f\u00fcr k\u00fcnftige Vers\u00f6hnungsarbeit starkzumachen. \u00abWir verf\u00fcgen nicht \u00fcber den Frieden oder die Zukunft, aber wir k\u00f6nnen etwas f\u00fcr die Zukunft tun\u00bb, betonte Kopp. Die Evangelische Jugend halte daher Kontakt zu den Partnern in den Jugendorganisationen in der Ukraine und in Russland und stehe an ihrer Seite.<\/p>\n<p>Kirche-Oldenburg<br \/>\n<a href=\"https:\/\/www.kirche-oldenburg.de\/\/aktuell\/news-niedersachsen\/artikel\/ukrainekrieg-evangelische-jugend-will-sich-fuer-versoehnung-einsetzen\" target=\"_blank\" rel=\"noopener\">Ukrainekrieg: Evangelische Jugend will sich f\u00fcr Vers\u00f6hnung einsetzen<\/a><\/p>\n","protected":false},"excerpt":{"rendered":"<p>Hannover (epd). Zum Jahrestag des russischen \u00dcberfalls auf die Ukraine hat die Evangelische Jugend an die Kriegsparteien und \u00abdie M\u00e4chtigen in unserem Land und in der Welt\u00bb appelliert, den Krieg zu beenden. \u00abSchafft nachhaltige Voraussetzungen f\u00fcr gewaltfreie Konfliktl\u00f6sungen\u00bb, forderte die Arbeitsgemeinschaft der Evangelischen Jugend in Deutschland (aej) am Donnerstag in einer Mitteilung. Der aej-Vorsitzende Hansj\u00f6rg Kopp rief zu Solidarit\u00e4t mit den notleidenden Ukrainerinnen und Ukrainern auf, aber auch mit den Menschen in Russland. Diese brauchten Unterst\u00fctzung, \u00abdamit sie dem W\u00fcrgegriff eines immer totalit\u00e4reren Polizeistaates entfliehen k\u00f6nnen\u00bb. Zudem sei es an der Zeit, sich schon jetzt f\u00fcr k\u00fcnftige Vers\u00f6hnungsarbeit starkzumachen. \u00abWir&#8230;<\/p>\n","protected":false},"author":7,"featured_media":0,"comment_status":"false","ping_status":"open","sticky":false,"template":"","format":"standard","meta":{"footnotes":""},"categories":[43],"tags":[44],"class_list":["post-23431","post","type-post","status-publish","format-standard","hentry","category-kirche-oldenburg","tag-kirche-oldenburg"],"_links":{"self":[{"href":"https:\/\/christusnews.de\/site\/wp-json\/wp\/v2\/posts\/23431","targetHints":{"allow":["GET"]}}],"collection":[{"href":"https:\/\/christusnews.de\/site\/wp-json\/wp\/v2\/posts"}],"about":[{"href":"https:\/\/christusnews.de\/site\/wp-json\/wp\/v2\/types\/post"}],"author":[{"embeddable":true,"href":"https:\/\/christusnews.de\/site\/wp-json\/wp\/v2\/users\/7"}],"replies":[{"embeddable":true,"href":"https:\/\/christusnews.de\/site\/wp-json\/wp\/v2\/comments?post=23431"}],"version-history":[{"count":1,"href":"https:\/\/christusnews.de\/site\/wp-json\/wp\/v2\/posts\/23431\/revisions"}],"predecessor-version":[{"id":23432,"href":"https:\/\/christusnews.de\/site\/wp-json\/wp\/v2\/posts\/23431\/revisions\/23432"}],"wp:attachment":[{"href":"https:\/\/christusnews.de\/site\/wp-json\/wp\/v2\/media?parent=23431"}],"wp:term":[{"taxonomy":"category","embeddable":true,"href":"https:\/\/christusnews.de\/site\/wp-json\/wp\/v2\/categories?post=23431"},{"taxonomy":"post_tag","embeddable":true,"href":"https:\/\/christusnews.de\/site\/wp-json\/wp\/v2\/tags?post=23431"}],"curies":[{"name":"wp","href":"https:\/\/api.w.org\/{rel}","templated":true}]}}