{"id":23454,"date":"2023-02-27T17:57:16","date_gmt":"2023-02-27T16:57:16","guid":{"rendered":"https:\/\/christusnews.de\/site\/?p=23454"},"modified":"2023-03-01T17:58:35","modified_gmt":"2023-03-01T16:58:35","slug":"ewigkeitswert","status":"publish","type":"post","link":"https:\/\/christusnews.de\/site\/ewigkeitswert\/","title":{"rendered":"Ewigkeitswert"},"content":{"rendered":"\n<p>Heute beginnt die erste ganze Woche der Fastenzeit. Fastenzeit. Da schwingt f\u00fcr mich Verzicht mit. Fr\u00fcher als Kind hatte ich ein Bonbonglas, in dem ich die S\u00fc\u00dfigkeiten, die ich in der Fastenzeit bekommen habe, gesammelt habe. An Ostern waren die Gl\u00e4ser meiner Geschwister mehr gef\u00fcllt als meine. Irgendwie war es dann doch ein Wettbewerb. \u201eUnd? Worauf verzichtest Du dieses Jahr?\u201c Diese Frage kommt in jedem Jahr. Es lie\u00dfe sich sicher was finden. Kaffee zum Beispiel oder Schokolade. Und ja, an Ostern ist dann klar: Es geht ohne. Was unverzichtbar scheint, ist es noch lange nicht. Aber hat mich das nun ver\u00e4ndert? Hat mich der Verzicht auf Kaffee, auf S\u00fc\u00dfigkeiten, besser auf Ostern vorbereitet? Auf dieses gro\u00dfartige Fest, auf dieses Wahnsinnsversprechen, das mir gegeben ist? Dass ich n\u00e4mlich nicht in der Versenkung verschwinde, wenn ich sterbe, sondern dass mein Leben Ewigkeitswert hat? Ich finde in diesen sieben Wochen der Vorbereitung\u2026 (Immer hin sieben Wochen, die wir uns vorbereiten auf ein Fest!) \u2026in diesen Wochen sollte etwas durchscheinen von meinem Ewigkeitswert. Wie kann ich andere zum Leuchten bringen? Wie wird es heller?&nbsp;<\/p>\n\n\n\n<p>Ob mit oder ohne Schoki und Kaffee: Wo kommt Dein Ewigkeitswert durch?<\/p>\n\n\n\n<p><\/p>\n\n\n\n<blockquote class=\"wp-block-quote is-layout-flow wp-block-quote-is-layout-flow\">\n<p><strong>Daniela Surmann, Pastoralreferentin in der Pfarrei St. Willehad<\/strong><\/p>\n\n\n\n<p>H<em>\u00f6ren Sie diesen Beitrag bei Radio Jade:<\/em><br><a rel=\"noreferrer noopener\" href=\"http:\/\/www.radio-jade.de\/mediathek\/angedacht\/\" target=\"_blank\"><em>Alle Beitr\u00e4ge im \u00dcberblick | RADIO JADE<\/em><\/a><\/p>\n<\/blockquote>\n","protected":false},"excerpt":{"rendered":"<p>Heute beginnt die erste ganze Woche der Fastenzeit. Fastenzeit. Da schwingt f\u00fcr mich Verzicht mit. Fr\u00fcher als Kind hatte ich ein Bonbonglas, in dem ich die S\u00fc\u00dfigkeiten, die ich in der Fastenzeit bekommen habe, gesammelt habe. An Ostern waren die Gl\u00e4ser meiner Geschwister mehr gef\u00fcllt als meine. Irgendwie war es dann doch ein Wettbewerb. \u201eUnd? Worauf verzichtest Du dieses Jahr?\u201c Diese Frage kommt in jedem Jahr. Es lie\u00dfe sich sicher was finden. Kaffee zum Beispiel oder Schokolade. Und ja, an Ostern ist dann klar: Es geht ohne. Was unverzichtbar scheint, ist es noch lange nicht. Aber hat mich das nun&#8230;<\/p>\n","protected":false},"author":6,"featured_media":1171,"comment_status":"closed","ping_status":"open","sticky":false,"template":"","format":"standard","meta":{"footnotes":""},"categories":[5],"tags":[],"class_list":["post-23454","post","type-post","status-publish","format-standard","has-post-thumbnail","hentry","category-angedacht"],"_links":{"self":[{"href":"https:\/\/christusnews.de\/site\/wp-json\/wp\/v2\/posts\/23454","targetHints":{"allow":["GET"]}}],"collection":[{"href":"https:\/\/christusnews.de\/site\/wp-json\/wp\/v2\/posts"}],"about":[{"href":"https:\/\/christusnews.de\/site\/wp-json\/wp\/v2\/types\/post"}],"author":[{"embeddable":true,"href":"https:\/\/christusnews.de\/site\/wp-json\/wp\/v2\/users\/6"}],"replies":[{"embeddable":true,"href":"https:\/\/christusnews.de\/site\/wp-json\/wp\/v2\/comments?post=23454"}],"version-history":[{"count":1,"href":"https:\/\/christusnews.de\/site\/wp-json\/wp\/v2\/posts\/23454\/revisions"}],"predecessor-version":[{"id":23455,"href":"https:\/\/christusnews.de\/site\/wp-json\/wp\/v2\/posts\/23454\/revisions\/23455"}],"wp:featuredmedia":[{"embeddable":true,"href":"https:\/\/christusnews.de\/site\/wp-json\/wp\/v2\/media\/1171"}],"wp:attachment":[{"href":"https:\/\/christusnews.de\/site\/wp-json\/wp\/v2\/media?parent=23454"}],"wp:term":[{"taxonomy":"category","embeddable":true,"href":"https:\/\/christusnews.de\/site\/wp-json\/wp\/v2\/categories?post=23454"},{"taxonomy":"post_tag","embeddable":true,"href":"https:\/\/christusnews.de\/site\/wp-json\/wp\/v2\/tags?post=23454"}],"curies":[{"name":"wp","href":"https:\/\/api.w.org\/{rel}","templated":true}]}}