{"id":23462,"date":"2023-03-03T09:00:00","date_gmt":"2023-03-03T08:00:00","guid":{"rendered":"https:\/\/christusnews.de\/site\/?p=23462"},"modified":"2023-03-01T18:01:16","modified_gmt":"2023-03-01T17:01:16","slug":"sommerboten","status":"publish","type":"post","link":"https:\/\/christusnews.de\/site\/sommerboten\/","title":{"rendered":"Sommerboten"},"content":{"rendered":"\n<p>Es ist nicht nur Fastenzeit, wir stehen auch am Rande des Fr\u00fchlings. Hier und da gibt\u2019s einen Tag, der ein kleines bisschen w\u00e4rmer ist als die vorherigen und wo schon ein kleines bisschen Sommerstimmung durchscheint. Ein Sonnenuntergang nach einem langen sonnigen Tag, die K-W-Br\u00fccke in einem leichten Morgendunst als w\u00e4re es ein ganz fr\u00fcher Sommermorgen, das Singen der V\u00f6gel, die warmen Sonnenstrahlen auf dem Gesicht. Es sind Momente, die ich hier im Radio gar nicht richtig beschreiben kann, weil ein Ambiente, eine Stimmung, ein Geruch, eben viel mehr dazugeh\u00f6rt als Farben und Worte, meistens gar keine Worte. Es sind Momente, in denen ich einfach kurz die Pause-Taste dr\u00fccken und genie\u00dfen m\u00f6chte. In den Momenten (die eigentlich immer drau\u00dfen sind) wird mir klar, in welcher sch\u00f6nen Region ich eigentlich leben darf und dass ich die Lust, den Ausblick die Stimmung \u00f6fter haben k\u00f6nnte. Was f\u00fcr ein Gl\u00fcck! Manchmal gibt der liebe Gott mit seiner Sch\u00f6pfung eben auch ganz sch\u00f6n an.<\/p>\n\n\n\n<p>Ich habe f\u00fcr diese Fastenzeit einen \u201eFreudeplan\u201c. Ein paar Dinge habe ich in dieser Woche mit Ihnen geteilt. Zu diesem Plan geh\u00f6rt auch, diese Momente drau\u00dfen, die Sommerboten, die Pausentaste-Situationen bewusster zu suchen und sie ausgiebig aufzusaugen. Freude zu tanken.&nbsp;<\/p>\n\n\n\n<p><\/p>\n\n\n\n<blockquote class=\"wp-block-quote is-layout-flow wp-block-quote-is-layout-flow\">\n<p id=\"block-e558b6b9-82d2-444d-908d-3ad821744b73\"><strong>Daniela Surmann, Pastoralreferentin in der Pfarrei St. Willehad<\/strong><\/p>\n\n\n\n<p id=\"block-d37124d6-1d9c-4795-bbb8-c28ccbf1326f\">H<em>\u00f6ren Sie diesen Beitrag bei Radio Jade:<\/em><br><a rel=\"noreferrer noopener\" href=\"http:\/\/www.radio-jade.de\/mediathek\/angedacht\/\" target=\"_blank\"><em>Alle Beitr\u00e4ge im \u00dcberblick | RADIO JADE<\/em><\/a><\/p>\n<\/blockquote>\n","protected":false},"excerpt":{"rendered":"<p>Es ist nicht nur Fastenzeit, wir stehen auch am Rande des Fr\u00fchlings. Hier und da gibt\u2019s einen Tag, der ein kleines bisschen w\u00e4rmer ist als die vorherigen und wo schon ein kleines bisschen Sommerstimmung durchscheint. Ein Sonnenuntergang nach einem langen sonnigen Tag, die K-W-Br\u00fccke in einem leichten Morgendunst als w\u00e4re es ein ganz fr\u00fcher Sommermorgen, das Singen der V\u00f6gel, die warmen Sonnenstrahlen auf dem Gesicht. Es sind Momente, die ich hier im Radio gar nicht richtig beschreiben kann, weil ein Ambiente, eine Stimmung, ein Geruch, eben viel mehr dazugeh\u00f6rt als Farben und Worte, meistens gar keine Worte. Es sind Momente,&#8230;<\/p>\n","protected":false},"author":6,"featured_media":1171,"comment_status":"closed","ping_status":"open","sticky":false,"template":"","format":"standard","meta":{"footnotes":""},"categories":[5],"tags":[],"class_list":["post-23462","post","type-post","status-publish","format-standard","has-post-thumbnail","hentry","category-angedacht"],"_links":{"self":[{"href":"https:\/\/christusnews.de\/site\/wp-json\/wp\/v2\/posts\/23462","targetHints":{"allow":["GET"]}}],"collection":[{"href":"https:\/\/christusnews.de\/site\/wp-json\/wp\/v2\/posts"}],"about":[{"href":"https:\/\/christusnews.de\/site\/wp-json\/wp\/v2\/types\/post"}],"author":[{"embeddable":true,"href":"https:\/\/christusnews.de\/site\/wp-json\/wp\/v2\/users\/6"}],"replies":[{"embeddable":true,"href":"https:\/\/christusnews.de\/site\/wp-json\/wp\/v2\/comments?post=23462"}],"version-history":[{"count":1,"href":"https:\/\/christusnews.de\/site\/wp-json\/wp\/v2\/posts\/23462\/revisions"}],"predecessor-version":[{"id":23463,"href":"https:\/\/christusnews.de\/site\/wp-json\/wp\/v2\/posts\/23462\/revisions\/23463"}],"wp:featuredmedia":[{"embeddable":true,"href":"https:\/\/christusnews.de\/site\/wp-json\/wp\/v2\/media\/1171"}],"wp:attachment":[{"href":"https:\/\/christusnews.de\/site\/wp-json\/wp\/v2\/media?parent=23462"}],"wp:term":[{"taxonomy":"category","embeddable":true,"href":"https:\/\/christusnews.de\/site\/wp-json\/wp\/v2\/categories?post=23462"},{"taxonomy":"post_tag","embeddable":true,"href":"https:\/\/christusnews.de\/site\/wp-json\/wp\/v2\/tags?post=23462"}],"curies":[{"name":"wp","href":"https:\/\/api.w.org\/{rel}","templated":true}]}}