{"id":23466,"date":"2023-03-01T08:55:00","date_gmt":"2023-03-01T07:55:00","guid":{"rendered":"https:\/\/christusnews.de\/site\/fridays-for-future-kuendigt-fuer-freitag-globalen-klimastreik-an\/"},"modified":"2023-03-02T10:19:35","modified_gmt":"2023-03-02T09:19:35","slug":"fridays-for-future-kuendigt-fuer-freitag-globalen-klimastreik-an","status":"publish","type":"post","link":"https:\/\/christusnews.de\/site\/fridays-for-future-kuendigt-fuer-freitag-globalen-klimastreik-an\/","title":{"rendered":"\u00abFridays for Future\u00bb k\u00fcndigt f\u00fcr Freitag globalen Klimastreik an"},"content":{"rendered":"<p class=\"MsoPlainText\">Hannover (epd). Die von Sch\u00fclern gegr\u00fcndete Bewegung \u00abFridays for Future\u00bb hat f\u00fcr diesen Freitag (3. M\u00e4rz) erneut zu einem globalen Klimastreik aufgerufen. Die Initiative forderte die Bundesregierung auf, sich an die Klimaziele des Pariser Abkommens zu halten und insbesondere im Verkehrssektor eine rasche Senkung der Emissionen umzusetzen. Deutschlandweit sind mehr als 240 Protestaktionen angemeldet. In Niedersachsen und Bremen soll es rund 30 Demonstrationen und Kundgebungen geben. Au\u00dfer in den gro\u00dfen St\u00e4dten will \u00abFridays for Future\u00bb hier auch in kleineren Orten wie Achim, Bad Nenndorf, Clausthal-Zellerfeld, Seesen oder Visselh\u00f6vede auf die Stra\u00dfe gehen.<\/p>\n<p class=\"MsoPlainText\">&nbsp;<\/p>\n<p class=\"MsoPlainText\">In G\u00f6ttingen starten am Freitagvormittag Sternm\u00e4rsche von mehreren Schulen. Nach einer Auftaktkundgebung vor dem Neuen Rathaus wollen die Sch\u00fclerinnen und Sch\u00fcler in einem Demonstrationszug durch die Stadt und wieder zum Rathaus ziehen. Der Braunschweiger Klimastreik beginnt um 14 Uhr mit einer Kundgebung auf dem Schlossplatz, im Anschluss folgt ein Demonstrationszug durch die Innenstadt.<\/p>\n<p class=\"MsoPlainText\">&nbsp;<\/p>\n<p class=\"MsoPlainText\">\u00ab2015 hat Deutschland sich zu den Pariser Klimazielen und zur Einhaltung der 1,5 Grad-Grenze verpflichtet, doch die aktuelle Klimapolitik der Bundesregierung verfehlt das v\u00f6llig\u00bb, sagte die Sprecherin von \u00abFridays for Future\u00bb Deutschland, Darya Sotoodeh. Die Ampel verhandele mit dem Energiekonzern RWE \u00fcber den Abriss von D\u00f6rfern und deutsche Banken investierten massiv in fossile Projekte im Globalen S\u00fcden, die dort enormen Schaden anrichteten. Konzerne wohlhabender Staaten beuteten ehemalige Kolonien weiterhin aus, um sich an den Rohstoffen zu bereichern.<\/p>\n<p class=\"MsoPlainText\">&nbsp;<\/p>\n<p class=\"MsoPlainText\">\u00abFridays for Future\u00bb-Co-Sprecherin Annika Rittmann kritisierte, w\u00e4hrend im Verkehrssektor die Klimaziele erneut gerissen w\u00fcrden, wolle Verkehrsminister Volker Wissing (FDP) neue Autobahnen bauen, am Dieselprivileg festhalten und das Verbrennerverbot der EU kippen. Dabei sei l\u00e4ngst klar, \u00abdass f\u00fcr eine bezahlbare, klimaneutrale und gerechte Mobilit\u00e4t f\u00fcr alle eine radikale Kehrtwende in Politik und Kommunikation notwendig ist. Die L\u00f6sungen daf\u00fcr k\u00f6nnten kaum offensichtlicher sein: Ausbau von Bus und Bahn, bessere Taktung und anst\u00e4ndige Arbeitsbedingungen\u00bb.<\/p>\n<p class=\"MsoPlainText\">&nbsp;<\/p>\n<p class=\"MsoPlainText\">Der Klimastreik wird den Angaben zufolge zum ersten Mal zusammen mit Warnstreiks der Gewerkschaft ver.di stattfinden. Gewerkschaft und Klimabewegung streikten \u00abSeite an Seite f\u00fcr eine sozial gerechte und \u00f6kologische Verkehrswende\u00bb, hie\u00df es. Als Antwort auf den immer gr\u00f6\u00dfer werdenden Personalmangel in Bus und Bahn setze sich \u00abFridays for Future\u00bb mit den Besch\u00e4ftigten bundesweit f\u00fcr bessere Arbeitsbedingungen im \u00d6ffentlichen Personennahverkehr ein. Auch gro\u00dfe Organisationen wie der Bund f\u00fcr Umwelt und Naturschutz (BUND) Greenpeace und Campact rufen zur Beteiligung am Streik auf.<\/p>\n<p class=\"MsoPlainText\">&nbsp;<\/p>\n<p class=\"MsoPlainText\">Am Vorabend des Klimastreiks laden die \u00abChristians for Future\u00bb, die katholische Basilika St. Clemens und die evangelisch-reformierte Kirche in Hannover zu einer \u00f6kumenischen Klimaandacht in die Aegidienkirche in Hannover ein. Die Andacht diene der Unterst\u00fctzung der jungen Menschen von \u00abFridays for Future\u00bb, weiteren Mitstreitern und allen Interessierten, erkl\u00e4rten Almut Tobola und Renate Quast von \u00abChristians for Future\u00bb: \u00abDie Andacht ermutigt, setzt Impulse, regt zum Weiterdenken an und bietet die Gelegenheit, miteinander ins Gespr\u00e4ch zu kommen.\u00bb Beginn ist um 18 Uhr.<\/p>\n<p>Kirche-Oldenburg<br \/>\n<a href=\"https:\/\/www.kirche-oldenburg.de\/\/aktuell\/news-niedersachsen\/artikel\/fridays-for-future-kuendigt-fuer-freitag-globalen-klimastreik-an\" target=\"_blank\" rel=\"noopener\">\u00abFridays for Future\u00bb k\u00fcndigt f\u00fcr Freitag globalen Klimastreik an<\/a><\/p>\n","protected":false},"excerpt":{"rendered":"<p>Hannover (epd). Die von Sch\u00fclern gegr\u00fcndete Bewegung \u00abFridays for Future\u00bb hat f\u00fcr diesen Freitag (3. M\u00e4rz) erneut zu einem globalen Klimastreik aufgerufen. Die Initiative forderte die Bundesregierung auf, sich an die Klimaziele des Pariser Abkommens zu halten und insbesondere im Verkehrssektor eine rasche Senkung der Emissionen umzusetzen. Deutschlandweit sind mehr als 240 Protestaktionen angemeldet. In Niedersachsen und Bremen soll es rund 30 Demonstrationen und Kundgebungen geben. Au\u00dfer in den gro\u00dfen St\u00e4dten will \u00abFridays for Future\u00bb hier auch in kleineren Orten wie Achim, Bad Nenndorf, Clausthal-Zellerfeld, Seesen oder Visselh\u00f6vede auf die Stra\u00dfe gehen. &nbsp; In G\u00f6ttingen starten am Freitagvormittag Sternm\u00e4rsche von&#8230;<\/p>\n","protected":false},"author":7,"featured_media":0,"comment_status":"false","ping_status":"open","sticky":false,"template":"","format":"standard","meta":{"footnotes":""},"categories":[43],"tags":[44],"class_list":["post-23466","post","type-post","status-publish","format-standard","hentry","category-kirche-oldenburg","tag-kirche-oldenburg"],"_links":{"self":[{"href":"https:\/\/christusnews.de\/site\/wp-json\/wp\/v2\/posts\/23466","targetHints":{"allow":["GET"]}}],"collection":[{"href":"https:\/\/christusnews.de\/site\/wp-json\/wp\/v2\/posts"}],"about":[{"href":"https:\/\/christusnews.de\/site\/wp-json\/wp\/v2\/types\/post"}],"author":[{"embeddable":true,"href":"https:\/\/christusnews.de\/site\/wp-json\/wp\/v2\/users\/7"}],"replies":[{"embeddable":true,"href":"https:\/\/christusnews.de\/site\/wp-json\/wp\/v2\/comments?post=23466"}],"version-history":[{"count":1,"href":"https:\/\/christusnews.de\/site\/wp-json\/wp\/v2\/posts\/23466\/revisions"}],"predecessor-version":[{"id":23467,"href":"https:\/\/christusnews.de\/site\/wp-json\/wp\/v2\/posts\/23466\/revisions\/23467"}],"wp:attachment":[{"href":"https:\/\/christusnews.de\/site\/wp-json\/wp\/v2\/media?parent=23466"}],"wp:term":[{"taxonomy":"category","embeddable":true,"href":"https:\/\/christusnews.de\/site\/wp-json\/wp\/v2\/categories?post=23466"},{"taxonomy":"post_tag","embeddable":true,"href":"https:\/\/christusnews.de\/site\/wp-json\/wp\/v2\/tags?post=23466"}],"curies":[{"name":"wp","href":"https:\/\/api.w.org\/{rel}","templated":true}]}}