{"id":23468,"date":"2023-03-01T07:57:00","date_gmt":"2023-03-01T06:57:00","guid":{"rendered":"https:\/\/christusnews.de\/site\/uni-zeigt-ausstellung-ueber-leben-in-der-bubble\/"},"modified":"2023-03-02T10:19:35","modified_gmt":"2023-03-02T09:19:35","slug":"uni-zeigt-ausstellung-ueber-leben-in-der-bubble","status":"publish","type":"post","link":"https:\/\/christusnews.de\/site\/uni-zeigt-ausstellung-ueber-leben-in-der-bubble\/","title":{"rendered":"Uni zeigt Ausstellung \u00ab\u00dcber Leben in der Bubble\u00bb"},"content":{"rendered":"<p class=\"MsoPlainText\">Oldenburg (epd). Die sogenannten \u00absozialen Blasen\u00bb stehen im Zentrum einer neuen Ausstellung von Studierenden des Masterstudiengangs \u00abMuseum und Ausstellung\u00bb der Universit\u00e4t Oldenburg. Die Schau mit dem Titel \u00ab\u00dcber Leben in der Bubble\u00bb solle zur Selbstreflexion anregen, teilte die Universit\u00e4t am Mittwoch mit. Eine soziale Bubble bezeichnet eine Gruppe von Menschen, die nur untereinander kommunizieren. Die Ausstellung in der Oldenburger Haarenstra\u00dfe 39 ist vom 11. bis 25. M\u00e4rz zu sehen.<\/p>\n<p class=\"MsoPlainText\">&nbsp;<\/p>\n<p class=\"MsoPlainText\">Die interaktive Ausstellung beleuchte das Ph\u00e4nomen von unterschiedlichen Seiten, hie\u00df es. Es gehe um soziale Gruppen, die Interessen wie Naturschutz oder Musikfestivals teilen, aber auch um sogenannte Filterblasen im Internet, wenn Webseiten versuchen vorherzusagen, welche Informationen der Nutzer auffinden m\u00f6chte. Die Besucherinnen und Besucher seien eingeladen, selbst Ausstellungsst\u00fccke mitzubringen, die sie mit ihren eigenen \u00absozialen Blasen\u00bb verbinden.<\/p>\n<p>Kirche-Oldenburg<br \/>\n<a href=\"https:\/\/www.kirche-oldenburg.de\/\/aktuell\/news-niedersachsen\/artikel\/uni-zeigt-ausstellung-ueber-leben-in-der-bubble\" target=\"_blank\" rel=\"noopener\">Uni zeigt Ausstellung \u00ab\u00dcber Leben in der Bubble\u00bb<\/a><\/p>\n","protected":false},"excerpt":{"rendered":"<p>Oldenburg (epd). Die sogenannten \u00absozialen Blasen\u00bb stehen im Zentrum einer neuen Ausstellung von Studierenden des Masterstudiengangs \u00abMuseum und Ausstellung\u00bb der Universit\u00e4t Oldenburg. Die Schau mit dem Titel \u00ab\u00dcber Leben in der Bubble\u00bb solle zur Selbstreflexion anregen, teilte die Universit\u00e4t am Mittwoch mit. Eine soziale Bubble bezeichnet eine Gruppe von Menschen, die nur untereinander kommunizieren. Die Ausstellung in der Oldenburger Haarenstra\u00dfe 39 ist vom 11. bis 25. M\u00e4rz zu sehen. &nbsp; Die interaktive Ausstellung beleuchte das Ph\u00e4nomen von unterschiedlichen Seiten, hie\u00df es. Es gehe um soziale Gruppen, die Interessen wie Naturschutz oder Musikfestivals teilen, aber auch um sogenannte Filterblasen im Internet,&#8230;<\/p>\n","protected":false},"author":7,"featured_media":0,"comment_status":"false","ping_status":"open","sticky":false,"template":"","format":"standard","meta":{"footnotes":""},"categories":[43],"tags":[44],"class_list":["post-23468","post","type-post","status-publish","format-standard","hentry","category-kirche-oldenburg","tag-kirche-oldenburg"],"_links":{"self":[{"href":"https:\/\/christusnews.de\/site\/wp-json\/wp\/v2\/posts\/23468","targetHints":{"allow":["GET"]}}],"collection":[{"href":"https:\/\/christusnews.de\/site\/wp-json\/wp\/v2\/posts"}],"about":[{"href":"https:\/\/christusnews.de\/site\/wp-json\/wp\/v2\/types\/post"}],"author":[{"embeddable":true,"href":"https:\/\/christusnews.de\/site\/wp-json\/wp\/v2\/users\/7"}],"replies":[{"embeddable":true,"href":"https:\/\/christusnews.de\/site\/wp-json\/wp\/v2\/comments?post=23468"}],"version-history":[{"count":1,"href":"https:\/\/christusnews.de\/site\/wp-json\/wp\/v2\/posts\/23468\/revisions"}],"predecessor-version":[{"id":23469,"href":"https:\/\/christusnews.de\/site\/wp-json\/wp\/v2\/posts\/23468\/revisions\/23469"}],"wp:attachment":[{"href":"https:\/\/christusnews.de\/site\/wp-json\/wp\/v2\/media?parent=23468"}],"wp:term":[{"taxonomy":"category","embeddable":true,"href":"https:\/\/christusnews.de\/site\/wp-json\/wp\/v2\/categories?post=23468"},{"taxonomy":"post_tag","embeddable":true,"href":"https:\/\/christusnews.de\/site\/wp-json\/wp\/v2\/tags?post=23468"}],"curies":[{"name":"wp","href":"https:\/\/api.w.org\/{rel}","templated":true}]}}