{"id":23488,"date":"2023-03-02T11:10:00","date_gmt":"2023-03-02T10:10:00","guid":{"rendered":"https:\/\/christusnews.de\/site\/antisemitismus-beauftragter-braunschweiger-entscheidung-absurd-juedischer-verbandschef-fuerst-fordert-anklage-gegen-rechtsextremisten\/"},"modified":"2023-03-03T22:17:54","modified_gmt":"2023-03-03T21:17:54","slug":"antisemitismus-beauftragter-braunschweiger-entscheidung-absurd-juedischer-verbandschef-fuerst-fordert-anklage-gegen-rechtsextremisten","status":"publish","type":"post","link":"https:\/\/christusnews.de\/site\/antisemitismus-beauftragter-braunschweiger-entscheidung-absurd-juedischer-verbandschef-fuerst-fordert-anklage-gegen-rechtsextremisten\/","title":{"rendered":"Antisemitismus-Beauftragter: Braunschweiger Entscheidung \u00ababsurd\u00bb &#8211; J\u00fcdischer Verbandschef F\u00fcrst fordert Anklage gegen Rechtsextremisten"},"content":{"rendered":"<p class=\"MsoPlainText\">Braunschweig\/Hannover (epd). Der neue nieders\u00e4chsische Antisemitismus-Beauftragte Gerhard Wegner kann es nicht nachvollziehen, dass die Staatsanwaltschaft Braunschweig die Ermittlungen gegen einen Rechtsextremen wegen \u00abJudenpresse\u00bb-Rufen eingestellt hat. \u00abDa beschimpft einer Journalisten als &#8216;Judenpack&#8217;, und weil das keine Juden sind, soll es erlaubt ein &#8211; das ist absurd\u00bb, sagte der Theologe am Donnerstag dem Evangelischen Pressedienst (epd). Der j\u00fcdische Verbandschef Michael F\u00fcrst rief die Staatsanwaltschaft unterdessen auf, den Beschuldigten vor Gericht anzuklagen.<\/p>\n<p class=\"MsoPlainText\">&nbsp;<\/p>\n<p class=\"MsoPlainText\">Die Staatsanwaltschaft hatte im Februar ihre Ermittlungen wegen antisemitischer Volksverhetzung und Beleidigung gegen ein Mitglied der Partei \u00abDie Rechte\u00bb zum zweiten Mal eingestellt. Ausgangspunkt sind Rufe des Mannes am Rande einer Demonstration am Volkstrauertag 2020. Er soll Pressevertretern die Worte \u00abJudenpresse\u00bb, \u00abJudenpack\u00bb und \u00abFeuer und Benzin f\u00fcr euch\u00bb entgegengerufen haben. Der Vorfall ist durch ein Video dokumentiert.<\/p>\n<p class=\"MsoPlainText\">&nbsp;<\/p>\n<p class=\"MsoPlainText\">Die Staatsanwaltschaft argumentierte, die Rufe h\u00e4tten sich nicht direkt gegen Juden gerichtet, sondern gegen Medienvertreter. Zwar erf\u00fcllten sie den Tatbestand der Beleidigung. Allerdings k\u00f6nnten nur die beleidigten Personen selbst innerhalb einer bestimmten Frist einen Strafantrag stellen. Dies sei nicht geschehen.<\/p>\n<p class=\"MsoPlainText\">&nbsp;<\/p>\n<p class=\"MsoPlainText\">In dem seit Tagen \u00f6ffentlich ausgetragenen Streit um die juristische Einordnung des Vorfalls sagte F\u00fcrst der \u00abBraunschweiger Zeitung\u00bb: \u00abEs muss vors Gericht, ein Richter muss entscheiden.\u00bb Die Einstellung des Verfahrens sei \u00abv\u00f6llig untragbar\u00bb. Die Staatsanwaltschaft m\u00fcsse erkennen, dass Rufe wie diese in der NS-Zeit zu millionenfachem Mord an den Juden gef\u00fchrt h\u00e4tten. Sie d\u00fcrfe solche Vorf\u00e4lle nicht einfach hinnehmen, betonte der Pr\u00e4sident des Landesverbandes der J\u00fcdischen Gemeinden von Niedersachsen.<\/p>\n<p class=\"MsoPlainText\">&nbsp;<\/p>\n<p class=\"MsoPlainText\">Gegen die Einstellung der Ermittlungen haben bisher zwei j\u00fcdische Verb\u00e4nde sowie eine Verwandte von Holocaust-Opfern Beschwerde eingelegt. F\u00fcrst hatte sich zudem mit einem Brief an die nieders\u00e4chsische Justizministerin Kathrin Wahlmann (SPD) gewandt.<\/p>\n<p class=\"MsoPlainText\">&nbsp;<\/p>\n<p class=\"MsoPlainText\">Wegner sagte \u00fcber die Entscheidung der Staatsanw\u00e4lte: \u00abDas verharmlost v\u00f6llig die Funktionsweise von Antisemitismus.\u00bb Judenhass breite sich oft beil\u00e4ufig und nebenbei aus, sagte der evangelische Theologe. \u00abDas ist seine besonders gef\u00e4hrliche Seite.\u00bb Er wolle jetzt das Gespr\u00e4ch mit der Staatsanwaltschaft suchen, k\u00fcndigte Wegner an. Die Staatsanwaltschaft selbst hatte auf epd-Anfrage betont, sie bleibe bei ihrer Einsch\u00e4tzung.<\/p>\n<p>Kirche-Oldenburg<br \/>\n<a href=\"https:\/\/www.kirche-oldenburg.de\/\/aktuell\/news-niedersachsen\/artikel\/antisemitismus-beauftragter-braunschweiger-entscheidung-absurd-juedischer-verbandschef-fuerst-fordert-anklage-gegen-rechtsextremisten\" target=\"_blank\" rel=\"noopener\">Antisemitismus-Beauftragter: Braunschweiger Entscheidung \u00ababsurd\u00bb &#8211; J\u00fcdischer Verbandschef F\u00fcrst fordert Anklage gegen Rechtsextremisten<\/a><\/p>\n","protected":false},"excerpt":{"rendered":"<p>Braunschweig\/Hannover (epd). Der neue nieders\u00e4chsische Antisemitismus-Beauftragte Gerhard Wegner kann es nicht nachvollziehen, dass die Staatsanwaltschaft Braunschweig die Ermittlungen gegen einen Rechtsextremen wegen \u00abJudenpresse\u00bb-Rufen eingestellt hat. \u00abDa beschimpft einer Journalisten als &#8216;Judenpack&#8217;, und weil das keine Juden sind, soll es erlaubt ein &#8211; das ist absurd\u00bb, sagte der Theologe am Donnerstag dem Evangelischen Pressedienst (epd). Der j\u00fcdische Verbandschef Michael F\u00fcrst rief die Staatsanwaltschaft unterdessen auf, den Beschuldigten vor Gericht anzuklagen. &nbsp; Die Staatsanwaltschaft hatte im Februar ihre Ermittlungen wegen antisemitischer Volksverhetzung und Beleidigung gegen ein Mitglied der Partei \u00abDie Rechte\u00bb zum zweiten Mal eingestellt. Ausgangspunkt sind Rufe des Mannes am Rande&#8230;<\/p>\n","protected":false},"author":7,"featured_media":0,"comment_status":"false","ping_status":"open","sticky":false,"template":"","format":"standard","meta":{"footnotes":""},"categories":[43],"tags":[44],"class_list":["post-23488","post","type-post","status-publish","format-standard","hentry","category-kirche-oldenburg","tag-kirche-oldenburg"],"_links":{"self":[{"href":"https:\/\/christusnews.de\/site\/wp-json\/wp\/v2\/posts\/23488","targetHints":{"allow":["GET"]}}],"collection":[{"href":"https:\/\/christusnews.de\/site\/wp-json\/wp\/v2\/posts"}],"about":[{"href":"https:\/\/christusnews.de\/site\/wp-json\/wp\/v2\/types\/post"}],"author":[{"embeddable":true,"href":"https:\/\/christusnews.de\/site\/wp-json\/wp\/v2\/users\/7"}],"replies":[{"embeddable":true,"href":"https:\/\/christusnews.de\/site\/wp-json\/wp\/v2\/comments?post=23488"}],"version-history":[{"count":1,"href":"https:\/\/christusnews.de\/site\/wp-json\/wp\/v2\/posts\/23488\/revisions"}],"predecessor-version":[{"id":23489,"href":"https:\/\/christusnews.de\/site\/wp-json\/wp\/v2\/posts\/23488\/revisions\/23489"}],"wp:attachment":[{"href":"https:\/\/christusnews.de\/site\/wp-json\/wp\/v2\/media?parent=23488"}],"wp:term":[{"taxonomy":"category","embeddable":true,"href":"https:\/\/christusnews.de\/site\/wp-json\/wp\/v2\/categories?post=23488"},{"taxonomy":"post_tag","embeddable":true,"href":"https:\/\/christusnews.de\/site\/wp-json\/wp\/v2\/tags?post=23488"}],"curies":[{"name":"wp","href":"https:\/\/api.w.org\/{rel}","templated":true}]}}