{"id":23490,"date":"2023-03-02T11:05:00","date_gmt":"2023-03-02T10:05:00","guid":{"rendered":"https:\/\/christusnews.de\/site\/verdacht-auf-sexualisierte-gewalt-landeskirche-kuendigt-pastor-hinweise-beziehen-sich-auf-laenger-zurueckliegenden-zeitraum\/"},"modified":"2023-03-03T22:17:55","modified_gmt":"2023-03-03T21:17:55","slug":"verdacht-auf-sexualisierte-gewalt-landeskirche-kuendigt-pastor-hinweise-beziehen-sich-auf-laenger-zurueckliegenden-zeitraum","status":"publish","type":"post","link":"https:\/\/christusnews.de\/site\/verdacht-auf-sexualisierte-gewalt-landeskirche-kuendigt-pastor-hinweise-beziehen-sich-auf-laenger-zurueckliegenden-zeitraum\/","title":{"rendered":"Verdacht auf sexualisierte Gewalt: Landeskirche k\u00fcndigt Pastor &#8211; Hinweise beziehen sich auf l\u00e4nger zur\u00fcckliegenden Zeitraum"},"content":{"rendered":"<p class=\"MsoPlainText\">Hameln\/Hannover (epd). Die hannoversche Landeskirche hat das Arbeitsverh\u00e4ltnis mit einem Pastor aus dem Raum Hameln-Pyrmont fristlos gek\u00fcndigt. Grund daf\u00fcr sei der dringende Verdacht auf Grenz\u00fcberschreitungen gegen\u00fcber einem Jugendlichen, die als sexualisierte Gewalt zu bewerten seien, teilte die evangelische Landeskirche am Donnerstag in Hannover mit.<\/p>\n<p class=\"MsoPlainText\">&nbsp;<\/p>\n<p class=\"MsoPlainText\">Die Hinweise darauf beziehen sich den Angaben zufolge auf einen l\u00e4nger zur\u00fcckliegenden Zeitraum, in dem der Theologe bereits in der Kirche gearbeitet habe, aber noch nicht als Pastor t\u00e4tig gewesen sei. Die mutma\u00dflichen Taten h\u00e4tten sich auch nicht im Kirchenkreis Hameln-Pyrmont ereignet. F\u00fcr die pfarramtlichen Aufgaben des unter Verdacht stehenden Mannes werde es zun\u00e4chst eine Vertretungsregelung geben. Der Pastor ist angestellter Theologe und nicht verbeamtet.<\/p>\n<p class=\"MsoPlainText\">&nbsp;<\/p>\n<p class=\"MsoPlainText\">Der Fall werde vom Landeskirchenamt in Hannover der zust\u00e4ndigen Staatsanwaltschaft \u00fcbergeben, k\u00fcndigte ein Sprecher an. Dieses Vorgehen entspreche den Grunds\u00e4tzen der Landeskirche f\u00fcr die Pr\u00e4vention, Intervention, Hilfe und Aufarbeitung in F\u00e4llen sexualisierter Gewalt. Die Landeskirche bat m\u00f6gliche Betroffene oder Zeugen, sich bei nicht-kirchlichen Fachstellen, der Zentralen Anlaufstelle \u00abhelp\u00bb der Evangelischen Kirche in Deutschland (EKD) oder bei der landeskirchlichen Fachstelle Sexualisierte Gewalt zu melden.<\/p>\n<p class=\"MsoPlainText\">&nbsp;<\/p>\n<p class=\"MsoPlainText\">Auf die Frage, ob die mutma\u00dflichen Taten bereits verj\u00e4hrt seien, sagte der Kirchensprecher, dies m\u00fcsse die Staatsanwaltschaft entscheiden. In der hannoverschen Landeskirche, der gr\u00f6\u00dften evangelischen Landeskirche in Deutschland, sind bislang 137 F\u00e4lle von sexualisierter Gewalt aus der Nachkriegszeit oder entsprechende Verdachtsf\u00e4lle registriert. 116 davon ereigneten sich in diakonischen Erziehungsheimen.<\/p>\n<p class=\"MsoPlainText\">&nbsp;<\/p>\n<p class=\"MsoPlainText\">21 F\u00e4lle stehen in einem Bezug zu evangelischen Gemeinden. Zu den mutma\u00dflichen T\u00e4tern geh\u00f6ren unter anderem Pastoren, Diakone und Jugendleiter. Bei den F\u00e4llen aus j\u00fcngerer Zeit wurden viele Beschuldigte entlassen. In einigen F\u00e4llen wurden sie gerichtlich verurteilt. In anderen F\u00e4llen wurden die mutma\u00dflichen Taten erst nach langer Zeit bekannt. Vielfach waren sie verj\u00e4hrt, die mutma\u00dflichen T\u00e4ter oft bereits gestorben. In zw\u00f6lf Einzelf\u00e4llen ging die Landeskirche in die \u00d6ffentlichkeit.<\/p>\n<p>Kirche-Oldenburg<br \/>\n<a href=\"https:\/\/www.kirche-oldenburg.de\/\/aktuell\/news-niedersachsen\/artikel\/verdacht-auf-sexualisierte-gewalt-landeskirche-kuendigt-pastor-hinweise-beziehen-sich-auf-laenger-zurueckliegenden-zeitraum\" target=\"_blank\" rel=\"noopener\">Verdacht auf sexualisierte Gewalt: Landeskirche k\u00fcndigt Pastor &#8211; Hinweise beziehen sich auf l\u00e4nger zur\u00fcckliegenden Zeitraum<\/a><\/p>\n","protected":false},"excerpt":{"rendered":"<p>Hameln\/Hannover (epd). Die hannoversche Landeskirche hat das Arbeitsverh\u00e4ltnis mit einem Pastor aus dem Raum Hameln-Pyrmont fristlos gek\u00fcndigt. Grund daf\u00fcr sei der dringende Verdacht auf Grenz\u00fcberschreitungen gegen\u00fcber einem Jugendlichen, die als sexualisierte Gewalt zu bewerten seien, teilte die evangelische Landeskirche am Donnerstag in Hannover mit. &nbsp; Die Hinweise darauf beziehen sich den Angaben zufolge auf einen l\u00e4nger zur\u00fcckliegenden Zeitraum, in dem der Theologe bereits in der Kirche gearbeitet habe, aber noch nicht als Pastor t\u00e4tig gewesen sei. Die mutma\u00dflichen Taten h\u00e4tten sich auch nicht im Kirchenkreis Hameln-Pyrmont ereignet. F\u00fcr die pfarramtlichen Aufgaben des unter Verdacht stehenden Mannes werde es zun\u00e4chst eine&#8230;<\/p>\n","protected":false},"author":7,"featured_media":0,"comment_status":"false","ping_status":"open","sticky":false,"template":"","format":"standard","meta":{"footnotes":""},"categories":[43],"tags":[44],"class_list":["post-23490","post","type-post","status-publish","format-standard","hentry","category-kirche-oldenburg","tag-kirche-oldenburg"],"_links":{"self":[{"href":"https:\/\/christusnews.de\/site\/wp-json\/wp\/v2\/posts\/23490","targetHints":{"allow":["GET"]}}],"collection":[{"href":"https:\/\/christusnews.de\/site\/wp-json\/wp\/v2\/posts"}],"about":[{"href":"https:\/\/christusnews.de\/site\/wp-json\/wp\/v2\/types\/post"}],"author":[{"embeddable":true,"href":"https:\/\/christusnews.de\/site\/wp-json\/wp\/v2\/users\/7"}],"replies":[{"embeddable":true,"href":"https:\/\/christusnews.de\/site\/wp-json\/wp\/v2\/comments?post=23490"}],"version-history":[{"count":1,"href":"https:\/\/christusnews.de\/site\/wp-json\/wp\/v2\/posts\/23490\/revisions"}],"predecessor-version":[{"id":23491,"href":"https:\/\/christusnews.de\/site\/wp-json\/wp\/v2\/posts\/23490\/revisions\/23491"}],"wp:attachment":[{"href":"https:\/\/christusnews.de\/site\/wp-json\/wp\/v2\/media?parent=23490"}],"wp:term":[{"taxonomy":"category","embeddable":true,"href":"https:\/\/christusnews.de\/site\/wp-json\/wp\/v2\/categories?post=23490"},{"taxonomy":"post_tag","embeddable":true,"href":"https:\/\/christusnews.de\/site\/wp-json\/wp\/v2\/tags?post=23490"}],"curies":[{"name":"wp","href":"https:\/\/api.w.org\/{rel}","templated":true}]}}