{"id":23496,"date":"2023-03-05T12:18:00","date_gmt":"2023-03-05T11:18:00","guid":{"rendered":"https:\/\/christusnews.de\/site\/verbaende-dringen-auf-einigung-bei-kindergrundsicherung-paus-das-wichtigste-sozialpolitische-vorhaben-dieser-regierung\/"},"modified":"2023-03-06T22:18:26","modified_gmt":"2023-03-06T21:18:26","slug":"verbaende-dringen-auf-einigung-bei-kindergrundsicherung-paus-das-wichtigste-sozialpolitische-vorhaben-dieser-regierung","status":"publish","type":"post","link":"https:\/\/christusnews.de\/site\/verbaende-dringen-auf-einigung-bei-kindergrundsicherung-paus-das-wichtigste-sozialpolitische-vorhaben-dieser-regierung\/","title":{"rendered":"Verb\u00e4nde dringen auf Einigung bei Kindergrundsicherung &#8211; Paus: \u00abDas wichtigste sozialpolitische Vorhaben dieser Regierung\u00bb"},"content":{"rendered":"<p class=\"MsoPlainText\">Braunschweig\/Berlin (epd). Verb\u00e4nde dringen auf eine Einigung innerhalb der Ampel-Koalition bei der Finanzierung der geplanten Kindergrundsicherung. \u00abWenn die Familienleistungen alle Berechtigten erreichen sollen, geht das nicht zum Nulltarif\u00bb, sagte Caritas-Pr\u00e4sidentin Eva Maria Welskop-Deffaa den Zeitungen der Funke Mediengruppe (Sonntag). Derzeit sei das nur bei einem Bruchteil der Berechtigten der Fall. Auch das Deutsche Kinderhilfswerk und der Deutsche Kinderschutzbund pochten auf die Einf\u00fchrung der im Koalitionsvertrag vereinbarten Leistung f\u00fcr Kinder und Jugendliche.<\/p>\n<p class=\"MsoPlainText\">&nbsp;<\/p>\n<p class=\"MsoPlainText\">Die Kindergrundsicherung soll ab 2025 ausgezahlt werden und bisherige Familienleistungen b\u00fcndeln. Zugleich sollen Zugangsh\u00fcrden f\u00fcr Familien abgebaut werden. Umstritten ist in der Ampel-Koalition, ob mit der neuen Leistung f\u00fcr Kinder auch eine Erh\u00f6hung der Leistungen einhergehen soll. Bundesfinanzminister Christian Lindner (FDP) sagte den Zeitungen der Funke Mediengruppe (Samstag), er rechne mit zus\u00e4tzlichen Mittel aus dem Bundeshaushalt \u00abin einstelliger Milliardenh\u00f6he\u00bb f\u00fcr die Kindergrundsicherung.<\/p>\n<p class=\"MsoPlainText\">&nbsp;<\/p>\n<p class=\"MsoPlainText\">Bundesfamilienministerin Lisa Paus (Gr\u00fcne) veranschlagt indes Kosten von zw\u00f6lf Milliarden Euro. \u00abWir haben den Bedarf daf\u00fcr berechnet, da kann man nicht beliebig k\u00fcrzen\u00bb, sagte sie dem \u00abTagesspiegel\u00bb (Sonntag). Sie warf Lindner mit Blick auf FDP-Forderungen nach Steuersenkungen eine falsche Priorit\u00e4tensetzung vor.<\/p>\n<p class=\"MsoPlainText\">&nbsp;<\/p>\n<p class=\"MsoPlainText\">Der \u00abWelt am Sonntag\u00bb sagte Paus, die Kindergrundsicherung sei \u00abdas wichtigste sozialpolitische Vorhaben dieser Regierung\u00bb. Im Koalitionsvertrag sei festgeschrieben, diese einzuf\u00fchren: \u00abDaran wird sich die Koalition messen lassen m\u00fcssen\u00bb, unterstrich die Ministerin. Jeder Cent im Kampf gegen Kinderarmut sei \u00abeine Investition in die Zukunft unserer Gesellschaft\u00bb, sagte die Gr\u00fcnen-Politikerin.<\/p>\n<p class=\"MsoPlainText\">&nbsp;<\/p>\n<p class=\"MsoPlainText\">Lindner \u00e4u\u00dferte sich indes zur\u00fcckhaltend zu Pl\u00e4nen von Paus, auch die individuellen Leistungen f\u00fcr arme Kinder zu erh\u00f6hen. Es sei in der Koalition unstrittig, dass es ein einfaches, digitales Verfahren geben solle, damit Familien das erhielten, was ihnen zustehe, sagte er der Funke Mediengruppe (Samstag). Zugleich betonte er: \u00abNur auf Geldzahlungen zu setzen, w\u00e4re falsch.\u00bb In manchen F\u00e4llen komme die Hilfe nie bei den Kindern an, sondern bleibe beim Familienoberhaupt.<\/p>\n<p class=\"MsoPlainText\">&nbsp;<\/p>\n<p class=\"MsoPlainText\">Die SPD-Vorsitzende Saskia Esken sagte der \u00abWelt am Sonntag\u00bb: \u00abEinen fairen, sozialen Staat der verl\u00e4sslichen Daseinsvorsorge gibt es nicht f\u00fcr lau.\u00bb Zwar seien Kindergeld und Kinderzuschlag zum Jahresanfang bereits massiv erh\u00f6ht worden. Der Kinderzuschlag erreiche derzeit aber nur 35 Prozent der eigentlich Berechtigten.<\/p>\n<p class=\"MsoPlainText\">&nbsp;<\/p>\n<p class=\"MsoPlainText\">Caritas-Pr\u00e4sidentin Welskop-Deffaa forderte die Ampel-Koalition auf, bei der Kabinettsklausur in Meseberg die Finanzierung der Kindergrundsicherung zu kl\u00e4ren. \u00abWenn die Regierung mit einem Garantiebetrag und sozial gestaffelten Zuschl\u00e4gen unb\u00fcrokratisch junge Familien erreichen will, muss daf\u00fcr Geld im Bundeshaushalt bereitgestellt werden\u00bb, unterstrich die Caritas-Pr\u00e4sidentin.<\/p>\n<p class=\"MsoPlainText\">&nbsp;<\/p>\n<p class=\"MsoPlainText\">Der Pr\u00e4sident des Deutschen Kinderhilfswerks, Thomas Kr\u00fcger, warnte vor einer \u00abMogelpackung\u00bb bei der Kindergrundsicherung. Die H\u00f6he der Leistung m\u00fcsse das vom Bundesverfassungsgericht geforderte Mindestma\u00df an Teilhabe am gesellschaftlichen, politischen und kulturellen Leben von Kindern und Jugendlichen abdecken, sagte Kr\u00fcger der \u00abNeuen Osnabr\u00fccker Zeitung\u00bb (Samstag): \u00abDas wird mehr Geld kosten als bisher.\u00bb<\/p>\n<p class=\"MsoPlainText\">&nbsp;<\/p>\n<p class=\"MsoPlainText\">Auch der Deutsche Kinderschutzbund pochte auf Fortschritte bei der Kindergrundsicherung. \u00abMein Verst\u00e4ndnis f\u00fcr die Hinhaltetaktik einiger Minister innerhalb der Koalition ist allm\u00e4hlich ersch\u00f6pft\u00bb, sagte Kinderschutzbund-Pr\u00e4sident Heinz Hilgers der \u00abStuttgarter Zeitung\u00bb und den \u00abStuttgarter Nachrichten\u00bb (Samstag).<\/p>\n<p>Kirche-Oldenburg<br \/>\n<a href=\"https:\/\/www.kirche-oldenburg.de\/\/aktuell\/news-niedersachsen\/artikel\/verbaende-dringen-auf-einigung-bei-kindergrundsicherung-paus-das-wichtigste-sozialpolitische-vorhaben-dieser-regierung\" target=\"_blank\" rel=\"noopener\">Verb\u00e4nde dringen auf Einigung bei Kindergrundsicherung &#8211; Paus: \u00abDas wichtigste sozialpolitische Vorhaben dieser Regierung\u00bb<\/a><\/p>\n","protected":false},"excerpt":{"rendered":"<p>Braunschweig\/Berlin (epd). Verb\u00e4nde dringen auf eine Einigung innerhalb der Ampel-Koalition bei der Finanzierung der geplanten Kindergrundsicherung. \u00abWenn die Familienleistungen alle Berechtigten erreichen sollen, geht das nicht zum Nulltarif\u00bb, sagte Caritas-Pr\u00e4sidentin Eva Maria Welskop-Deffaa den Zeitungen der Funke Mediengruppe (Sonntag). Derzeit sei das nur bei einem Bruchteil der Berechtigten der Fall. Auch das Deutsche Kinderhilfswerk und der Deutsche Kinderschutzbund pochten auf die Einf\u00fchrung der im Koalitionsvertrag vereinbarten Leistung f\u00fcr Kinder und Jugendliche. &nbsp; Die Kindergrundsicherung soll ab 2025 ausgezahlt werden und bisherige Familienleistungen b\u00fcndeln. Zugleich sollen Zugangsh\u00fcrden f\u00fcr Familien abgebaut werden. Umstritten ist in der Ampel-Koalition, ob mit der neuen Leistung&#8230;<\/p>\n","protected":false},"author":7,"featured_media":0,"comment_status":"false","ping_status":"open","sticky":false,"template":"","format":"standard","meta":{"footnotes":""},"categories":[43],"tags":[44],"class_list":["post-23496","post","type-post","status-publish","format-standard","hentry","category-kirche-oldenburg","tag-kirche-oldenburg"],"_links":{"self":[{"href":"https:\/\/christusnews.de\/site\/wp-json\/wp\/v2\/posts\/23496","targetHints":{"allow":["GET"]}}],"collection":[{"href":"https:\/\/christusnews.de\/site\/wp-json\/wp\/v2\/posts"}],"about":[{"href":"https:\/\/christusnews.de\/site\/wp-json\/wp\/v2\/types\/post"}],"author":[{"embeddable":true,"href":"https:\/\/christusnews.de\/site\/wp-json\/wp\/v2\/users\/7"}],"replies":[{"embeddable":true,"href":"https:\/\/christusnews.de\/site\/wp-json\/wp\/v2\/comments?post=23496"}],"version-history":[{"count":1,"href":"https:\/\/christusnews.de\/site\/wp-json\/wp\/v2\/posts\/23496\/revisions"}],"predecessor-version":[{"id":23497,"href":"https:\/\/christusnews.de\/site\/wp-json\/wp\/v2\/posts\/23496\/revisions\/23497"}],"wp:attachment":[{"href":"https:\/\/christusnews.de\/site\/wp-json\/wp\/v2\/media?parent=23496"}],"wp:term":[{"taxonomy":"category","embeddable":true,"href":"https:\/\/christusnews.de\/site\/wp-json\/wp\/v2\/categories?post=23496"},{"taxonomy":"post_tag","embeddable":true,"href":"https:\/\/christusnews.de\/site\/wp-json\/wp\/v2\/tags?post=23496"}],"curies":[{"name":"wp","href":"https:\/\/api.w.org\/{rel}","templated":true}]}}