{"id":23498,"date":"2023-03-05T12:17:00","date_gmt":"2023-03-05T11:17:00","guid":{"rendered":"https:\/\/christusnews.de\/site\/ausstellung-erinnert-an-verfolgung-der-sinti-und-roma-in-ns-zeit\/"},"modified":"2023-03-06T22:18:26","modified_gmt":"2023-03-06T21:18:26","slug":"ausstellung-erinnert-an-verfolgung-der-sinti-und-roma-in-ns-zeit","status":"publish","type":"post","link":"https:\/\/christusnews.de\/site\/ausstellung-erinnert-an-verfolgung-der-sinti-und-roma-in-ns-zeit\/","title":{"rendered":"Ausstellung erinnert an Verfolgung der Sinti und Roma in NS-Zeit"},"content":{"rendered":"<p class=\"MsoPlainText\">Hannover (epd). Mit einer neuen Sonderausstellung in Hannover erinnern die Polizei und die Gedenkst\u00e4tte Ahlem an die Verfolgung von Sinti und Roma aus Niedersachsen durch die Nationalsozialisten vor 80 Jahren. Anlass ist der 80. Jahrestag der gro\u00dfen Deportation von Sinti und Roma Anfang M\u00e4rz 1943 in das Konzentrationslager Auschwitz in Polen, wie die Polizei am Sonnabend mitteilte. Allein aus Niedersachsen wurden damals in den ersten M\u00e4rzwochen mehr als 700 Sinti und Roma nach Auschwitz-Birkenau deportiert, unter ihnen auch viele Kinder.<\/p>\n<p class=\"MsoPlainText\">&nbsp;<\/p>\n<p class=\"MsoPlainText\">Die Ausstellung \u00abAus Niedersachsen nach Auschwitz\u00bb ist vom 7. bis zum 30. M\u00e4rz auf dem Gel\u00e4nde der Polizeidirektion zu sehen. Interessierte k\u00f6nnen sich f\u00fcr F\u00fchrungen anmelden. \u00ab\u00dcberall dort, wo Menschen wegen ihrer Herkunft, ihrer Religion, oder ihres Ansehens beschimpft und bedroht werden, m\u00fcssen wir hinschauen und handeln\u00bb, betonte Polizeipr\u00e4sident Volker Kluwe bei der Er\u00f6ffnung am Sonnabend.<\/p>\n<p class=\"MsoPlainText\">&nbsp;<\/p>\n<p class=\"MsoPlainText\">Die Ausstellung steht unter der Schirmherrschaft der Nieders\u00e4chsischen Beratungsstelle f\u00fcr Sinti und Roma. \u00abAus der Geschichte k\u00f6nnen wir nur lernen, wenn wir uns in der Gegenwart mit ihr auseinandersetzen\u00bb, sagte der Pr\u00e4sident der Region Hannover, Steffen Krach (SPD). Insgesamt ermordeten die Nationalsozialisten im von ihnen besetzten Europa rund eine halbe Million Sinti und Roma.<\/p>\n<p>Kirche-Oldenburg<br \/>\n<a href=\"https:\/\/www.kirche-oldenburg.de\/\/aktuell\/news-niedersachsen\/artikel\/ausstellung-erinnert-an-verfolgung-der-sinti-und-roma-in-ns-zeit\" target=\"_blank\" rel=\"noopener\">Ausstellung erinnert an Verfolgung der Sinti und Roma in NS-Zeit<\/a><\/p>\n","protected":false},"excerpt":{"rendered":"<p>Hannover (epd). Mit einer neuen Sonderausstellung in Hannover erinnern die Polizei und die Gedenkst\u00e4tte Ahlem an die Verfolgung von Sinti und Roma aus Niedersachsen durch die Nationalsozialisten vor 80 Jahren. Anlass ist der 80. Jahrestag der gro\u00dfen Deportation von Sinti und Roma Anfang M\u00e4rz 1943 in das Konzentrationslager Auschwitz in Polen, wie die Polizei am Sonnabend mitteilte. Allein aus Niedersachsen wurden damals in den ersten M\u00e4rzwochen mehr als 700 Sinti und Roma nach Auschwitz-Birkenau deportiert, unter ihnen auch viele Kinder. &nbsp; Die Ausstellung \u00abAus Niedersachsen nach Auschwitz\u00bb ist vom 7. bis zum 30. M\u00e4rz auf dem Gel\u00e4nde der Polizeidirektion zu&#8230;<\/p>\n","protected":false},"author":7,"featured_media":0,"comment_status":"false","ping_status":"open","sticky":false,"template":"","format":"standard","meta":{"footnotes":""},"categories":[43],"tags":[44],"class_list":["post-23498","post","type-post","status-publish","format-standard","hentry","category-kirche-oldenburg","tag-kirche-oldenburg"],"_links":{"self":[{"href":"https:\/\/christusnews.de\/site\/wp-json\/wp\/v2\/posts\/23498","targetHints":{"allow":["GET"]}}],"collection":[{"href":"https:\/\/christusnews.de\/site\/wp-json\/wp\/v2\/posts"}],"about":[{"href":"https:\/\/christusnews.de\/site\/wp-json\/wp\/v2\/types\/post"}],"author":[{"embeddable":true,"href":"https:\/\/christusnews.de\/site\/wp-json\/wp\/v2\/users\/7"}],"replies":[{"embeddable":true,"href":"https:\/\/christusnews.de\/site\/wp-json\/wp\/v2\/comments?post=23498"}],"version-history":[{"count":1,"href":"https:\/\/christusnews.de\/site\/wp-json\/wp\/v2\/posts\/23498\/revisions"}],"predecessor-version":[{"id":23499,"href":"https:\/\/christusnews.de\/site\/wp-json\/wp\/v2\/posts\/23498\/revisions\/23499"}],"wp:attachment":[{"href":"https:\/\/christusnews.de\/site\/wp-json\/wp\/v2\/media?parent=23498"}],"wp:term":[{"taxonomy":"category","embeddable":true,"href":"https:\/\/christusnews.de\/site\/wp-json\/wp\/v2\/categories?post=23498"},{"taxonomy":"post_tag","embeddable":true,"href":"https:\/\/christusnews.de\/site\/wp-json\/wp\/v2\/tags?post=23498"}],"curies":[{"name":"wp","href":"https:\/\/api.w.org\/{rel}","templated":true}]}}