{"id":23500,"date":"2023-03-04T12:16:00","date_gmt":"2023-03-04T11:16:00","guid":{"rendered":"https:\/\/christusnews.de\/site\/protest-gegen-todesurteil-fuer-deutsch-iraner-sharmahd\/"},"modified":"2023-03-06T22:18:27","modified_gmt":"2023-03-06T21:18:27","slug":"protest-gegen-todesurteil-fuer-deutsch-iraner-sharmahd","status":"publish","type":"post","link":"https:\/\/christusnews.de\/site\/protest-gegen-todesurteil-fuer-deutsch-iraner-sharmahd\/","title":{"rendered":"Protest gegen Todesurteil f\u00fcr Deutsch-Iraner Sharmahd"},"content":{"rendered":"<p class=\"MsoPlainText\">Hannover (epd). Rund 220 Menschen haben am Sonnabend in Hannover f\u00fcr die Freilassung des im Iran inhaftierten Deutsch-Iraners Jamshid Sharmahd demonstriert. Die Teilnehmenden seien friedlich durch die Innenstadt gezogen, teilte die Polizei dem Evangelischen Pressedienst (epd) mit. Aufgerufen hatte unter anderem der Verein \u00abKargah\u00bb. Der 68-j\u00e4hrige Sharmahd, der in Niedersachsen aufwuchs, war vom iranischen Geheimdienst entf\u00fchrt und am 21. Februar zum Tode verurteilt worden.<\/p>\n<p class=\"MsoPlainText\">&nbsp;<\/p>\n<p class=\"MsoPlainText\">Der Fl\u00fcchtlingsrat Niedersachsen hatte in dieser Woche an die Bundesregierung appelliert, sich st\u00e4rker f\u00fcr im Iran inhaftierte politische Gefangene wie Jamshid Sharmahd einzusetzen. Dem Deutsch-Iraner drohe jederzeit die Hinrichtung. Sharmahd wurde w\u00e4hrend einer Gesch\u00e4ftsreise im Juli 2020 aus Dubai von Revolutionsgardisten in den Iran verschleppt, inhaftiert und gefoltert. Ihm werden nach Angaben des Fl\u00fcchtlingsrates die Beteiligung an einer Oppositionsgruppe und eine angebliche Beteiligung an einem Terroranschlag vorgeworfen.<\/p>\n<p class=\"MsoPlainText\">&nbsp;<\/p>\n<p class=\"MsoPlainText\">Der in Teheran geborene Sharmahd kam im Alter von sieben Jahren nach Deutschland und wuchs in Peine und Hannover auf. Nach der islamischen Revolution 1979 verlie\u00df er den Iran endg\u00fcltig. In Hannover betrieb er ein Computergesch\u00e4ft. Seit 1995 ist er deutscher Staatsb\u00fcrger mit doppelter Staatsb\u00fcrgerschaft. 2003 wanderte der Familienvater in die USA aus und baute dort ein Software-Unternehmen auf. Gleichzeitig setzte er sich f\u00fcr iranische Oppositionsgruppen ein.<\/p>\n<p class=\"MsoPlainText\">&nbsp;<\/p>\n<p class=\"MsoPlainText\">Bundesau\u00dfenministerin Annalena Baerbock (Gr\u00fcne) hatte das Todesurteil gegen Sharmahd als \u00ababsolut inakzeptabel\u00bb kritisiert. Der Deutsch-Iraner habe \u00abzu keinem Zeitpunkt nur den Ansatz eines fairen Prozesses\u00bb gehabt. Die Bundesregierung wies wegen des Vorfalls zweier iranische Diplomaten aus Deutschland aus. Nach Ansicht des Fl\u00fcchtlingsrates gen\u00fcgt das aber nicht, um politische Gefangene zu retten.<\/p>\n<p class=\"MsoPlainText\">&nbsp;<\/p>\n<p>Kirche-Oldenburg<br \/>\n<a href=\"https:\/\/www.kirche-oldenburg.de\/\/aktuell\/news-niedersachsen\/artikel\/protest-gegen-todesurteil-fuer-deutsch-iraner-sharmahd\" target=\"_blank\" rel=\"noopener\">Protest gegen Todesurteil f\u00fcr Deutsch-Iraner Sharmahd<\/a><\/p>\n","protected":false},"excerpt":{"rendered":"<p>Hannover (epd). Rund 220 Menschen haben am Sonnabend in Hannover f\u00fcr die Freilassung des im Iran inhaftierten Deutsch-Iraners Jamshid Sharmahd demonstriert. Die Teilnehmenden seien friedlich durch die Innenstadt gezogen, teilte die Polizei dem Evangelischen Pressedienst (epd) mit. Aufgerufen hatte unter anderem der Verein \u00abKargah\u00bb. Der 68-j\u00e4hrige Sharmahd, der in Niedersachsen aufwuchs, war vom iranischen Geheimdienst entf\u00fchrt und am 21. Februar zum Tode verurteilt worden. &nbsp; Der Fl\u00fcchtlingsrat Niedersachsen hatte in dieser Woche an die Bundesregierung appelliert, sich st\u00e4rker f\u00fcr im Iran inhaftierte politische Gefangene wie Jamshid Sharmahd einzusetzen. Dem Deutsch-Iraner drohe jederzeit die Hinrichtung. Sharmahd wurde w\u00e4hrend einer Gesch\u00e4ftsreise im&#8230;<\/p>\n","protected":false},"author":7,"featured_media":0,"comment_status":"false","ping_status":"open","sticky":false,"template":"","format":"standard","meta":{"footnotes":""},"categories":[43],"tags":[44],"class_list":["post-23500","post","type-post","status-publish","format-standard","hentry","category-kirche-oldenburg","tag-kirche-oldenburg"],"_links":{"self":[{"href":"https:\/\/christusnews.de\/site\/wp-json\/wp\/v2\/posts\/23500","targetHints":{"allow":["GET"]}}],"collection":[{"href":"https:\/\/christusnews.de\/site\/wp-json\/wp\/v2\/posts"}],"about":[{"href":"https:\/\/christusnews.de\/site\/wp-json\/wp\/v2\/types\/post"}],"author":[{"embeddable":true,"href":"https:\/\/christusnews.de\/site\/wp-json\/wp\/v2\/users\/7"}],"replies":[{"embeddable":true,"href":"https:\/\/christusnews.de\/site\/wp-json\/wp\/v2\/comments?post=23500"}],"version-history":[{"count":1,"href":"https:\/\/christusnews.de\/site\/wp-json\/wp\/v2\/posts\/23500\/revisions"}],"predecessor-version":[{"id":23501,"href":"https:\/\/christusnews.de\/site\/wp-json\/wp\/v2\/posts\/23500\/revisions\/23501"}],"wp:attachment":[{"href":"https:\/\/christusnews.de\/site\/wp-json\/wp\/v2\/media?parent=23500"}],"wp:term":[{"taxonomy":"category","embeddable":true,"href":"https:\/\/christusnews.de\/site\/wp-json\/wp\/v2\/categories?post=23500"},{"taxonomy":"post_tag","embeddable":true,"href":"https:\/\/christusnews.de\/site\/wp-json\/wp\/v2\/tags?post=23500"}],"curies":[{"name":"wp","href":"https:\/\/api.w.org\/{rel}","templated":true}]}}