{"id":23502,"date":"2023-03-04T12:12:00","date_gmt":"2023-03-04T11:12:00","guid":{"rendered":"https:\/\/christusnews.de\/site\/oldenburg-tritt-dem-buendnis-gemeinsam-gegen-sexismus-bei\/"},"modified":"2023-03-06T22:18:27","modified_gmt":"2023-03-06T21:18:27","slug":"oldenburg-tritt-dem-buendnis-gemeinsam-gegen-sexismus-bei","status":"publish","type":"post","link":"https:\/\/christusnews.de\/site\/oldenburg-tritt-dem-buendnis-gemeinsam-gegen-sexismus-bei\/","title":{"rendered":"Oldenburg tritt dem B\u00fcndnis \u00abGemeinsam gegen Sexismus\u00bb bei"},"content":{"rendered":"<p class=\"MsoPlainText\">Oldenburg (epd). Die Stadt Oldenburg hat sich klar gegen Sexismus positioniert. Sie z\u00e4hle zu den bundesweit 350 Organisationen, die als Erstunterzeichnende dem B\u00fcndnis \u00abGemeinsam gegen Sexismus\u00bb beigetreten seien, teilte die Stadt am Freitag mit. \u00abSexismus hat in der Stadtverwaltung Oldenburg keinen Platz\u00bb, unterstrich Oberb\u00fcrgermeister J\u00fcrgen Krogmann (SPD). Das B\u00fcndnis wurde von Bundesfamilienministerin Lisa Paus (Gr\u00fcne) im Februar ins Leben gerufen.<\/p>\n<p class=\"MsoPlainText\">&nbsp;<\/p>\n<p class=\"MsoPlainText\">Gesellschaftlich werde insbesondere der Alltagssexismus noch immer bagatellisiert oder als Scherz abgetan, hie\u00df es. Betroffenen Personen werde oft eine zu hohe Empfindlichkeit nachgesagt. Dies mache jedoch geschlechtsspezifische Gewalt in gr\u00f6\u00dferem Ausma\u00df erst m\u00f6glich. Umso wichtiger sei es, Sexismus sichtbar zu machen und hierf\u00fcr zu sensibilisieren.<\/p>\n<p>Kirche-Oldenburg<br \/>\n<a href=\"https:\/\/www.kirche-oldenburg.de\/\/aktuell\/news-niedersachsen\/artikel\/oldenburg-tritt-dem-buendnis-gemeinsam-gegen-sexismus-bei\" target=\"_blank\" rel=\"noopener\">Oldenburg tritt dem B\u00fcndnis \u00abGemeinsam gegen Sexismus\u00bb bei<\/a><\/p>\n","protected":false},"excerpt":{"rendered":"<p>Oldenburg (epd). Die Stadt Oldenburg hat sich klar gegen Sexismus positioniert. Sie z\u00e4hle zu den bundesweit 350 Organisationen, die als Erstunterzeichnende dem B\u00fcndnis \u00abGemeinsam gegen Sexismus\u00bb beigetreten seien, teilte die Stadt am Freitag mit. \u00abSexismus hat in der Stadtverwaltung Oldenburg keinen Platz\u00bb, unterstrich Oberb\u00fcrgermeister J\u00fcrgen Krogmann (SPD). Das B\u00fcndnis wurde von Bundesfamilienministerin Lisa Paus (Gr\u00fcne) im Februar ins Leben gerufen. &nbsp; Gesellschaftlich werde insbesondere der Alltagssexismus noch immer bagatellisiert oder als Scherz abgetan, hie\u00df es. Betroffenen Personen werde oft eine zu hohe Empfindlichkeit nachgesagt. Dies mache jedoch geschlechtsspezifische Gewalt in gr\u00f6\u00dferem Ausma\u00df erst m\u00f6glich. Umso wichtiger sei es, Sexismus sichtbar&#8230;<\/p>\n","protected":false},"author":7,"featured_media":0,"comment_status":"false","ping_status":"open","sticky":false,"template":"","format":"standard","meta":{"footnotes":""},"categories":[43],"tags":[44],"class_list":["post-23502","post","type-post","status-publish","format-standard","hentry","category-kirche-oldenburg","tag-kirche-oldenburg"],"_links":{"self":[{"href":"https:\/\/christusnews.de\/site\/wp-json\/wp\/v2\/posts\/23502","targetHints":{"allow":["GET"]}}],"collection":[{"href":"https:\/\/christusnews.de\/site\/wp-json\/wp\/v2\/posts"}],"about":[{"href":"https:\/\/christusnews.de\/site\/wp-json\/wp\/v2\/types\/post"}],"author":[{"embeddable":true,"href":"https:\/\/christusnews.de\/site\/wp-json\/wp\/v2\/users\/7"}],"replies":[{"embeddable":true,"href":"https:\/\/christusnews.de\/site\/wp-json\/wp\/v2\/comments?post=23502"}],"version-history":[{"count":1,"href":"https:\/\/christusnews.de\/site\/wp-json\/wp\/v2\/posts\/23502\/revisions"}],"predecessor-version":[{"id":23503,"href":"https:\/\/christusnews.de\/site\/wp-json\/wp\/v2\/posts\/23502\/revisions\/23503"}],"wp:attachment":[{"href":"https:\/\/christusnews.de\/site\/wp-json\/wp\/v2\/media?parent=23502"}],"wp:term":[{"taxonomy":"category","embeddable":true,"href":"https:\/\/christusnews.de\/site\/wp-json\/wp\/v2\/categories?post=23502"},{"taxonomy":"post_tag","embeddable":true,"href":"https:\/\/christusnews.de\/site\/wp-json\/wp\/v2\/tags?post=23502"}],"curies":[{"name":"wp","href":"https:\/\/api.w.org\/{rel}","templated":true}]}}