{"id":23504,"date":"2023-03-03T12:13:00","date_gmt":"2023-03-03T11:13:00","guid":{"rendered":"https:\/\/christusnews.de\/site\/tausende-teilnehmende-bei-klimastreik-in-niedersachsen-und-bremen-umweltminister-sichert-demonstranten-den-turbo-fuer-klimaschutz-zu\/"},"modified":"2023-03-06T22:18:28","modified_gmt":"2023-03-06T21:18:28","slug":"tausende-teilnehmende-bei-klimastreik-in-niedersachsen-und-bremen-umweltminister-sichert-demonstranten-den-turbo-fuer-klimaschutz-zu","status":"publish","type":"post","link":"https:\/\/christusnews.de\/site\/tausende-teilnehmende-bei-klimastreik-in-niedersachsen-und-bremen-umweltminister-sichert-demonstranten-den-turbo-fuer-klimaschutz-zu\/","title":{"rendered":"Tausende Teilnehmende bei Klimastreik in Niedersachsen und Bremen &#8211; Umweltminister sichert Demonstranten den \u00abTurbo f\u00fcr Klimaschutz\u00bb zu\u00a0"},"content":{"rendered":"<p class=\"MsoPlainText\">Hannover\/Bremen (epd). Mehrere Tausend \u00fcberwiegend junge Leute haben sich am Freitag in Niedersachsen und Bremen am globalen Klimastreik der Bewegung \u00abFridays for Future\u00bb beteiligt. Allein in Bremen gingen nach Polizeiangaben rund 3.200 Menschen auf die Stra\u00dfe. Nach einer Auftaktkundgebung auf dem Marktplatz zogen sie durch die Innenstadt. Auf den Bannern waren in der Hansestadt Slogans wie \u00abB\u00e4ume statt Bomben\u00bb oder \u00abF\u00fcr eine klimaneutrale Industrie\u00bb zu lesen.<\/p>\n<p class=\"MsoPlainText\">&nbsp;<\/p>\n<p class=\"MsoPlainText\">Die Teilnehmenden forderten eine \u00f6kologische und sozial gerechte Verkehrswende, eine rasche Absenkung der CO2-Emissionen und die Einhaltung der Pariser Klimaziele. Bei vielen Veranstaltungen solidarisierten sie sich mit den Warnstreiks der Gewerkschaft ver.di im \u00f6ffentlichen Nahverkehr. Weil in Bremen, Hannover oder G\u00f6ttingen weder Busse noch Bahnen fuhren, kamen viele Jugendliche mit R\u00e4dern zur Kundgebung.<\/p>\n<p class=\"MsoPlainText\">&nbsp;<\/p>\n<p class=\"MsoPlainText\">In G\u00f6ttingen demonstrierten rund 1.000 Menschen. In Hannover waren es laut Polizei etwa 1.200. Dort mischte sich Niedersachsens Umweltminister Christian Meyer (Gr\u00fcne) unter die Demonstranten. \u00abWir streiken nicht, sondern arbeiten mit Hochdruck an der Einhaltung des 1,5-Grad-Ziels des Pariser Klimaabkommens\u00bb, sagte er: \u00abWir haben jetzt den Turbo f\u00fcr den Klimaschutz und den Ausbau der erneuerbaren Energien eingelegt.\u00bb Insgesamt waren in beiden Bundesl\u00e4ndern mehr als 35 Kundgebungen geplant, auch in kleineren Orten wie Achim, Seesen, Visselh\u00f6vede, Bad Nenndorf oder Clausthal-Zellerfeld.<\/p>\n<p class=\"MsoPlainText\">&nbsp;<\/p>\n<p class=\"MsoPlainText\">Gro\u00dfe Organisationen wie die Kirchen, der Bund f\u00fcr Umwelt und Naturschutz (BUND), Greenpeace und Campact hatten ebenfalls zur Beteiligung am Klimastreik aufgerufen. F\u00fcr die evangelischen Kirchen in Niedersachsen sagte der Oldenburger Bischof Thomas Adomeit, der kreative Einsatz gegen den Klimawandel und f\u00fcr die Bewahrung der Sch\u00f6pfung sei heute noch wichtiger als vor einigen Jahren: \u00abDie Zeit, in der wir noch wirksam etwas ver\u00e4ndern k\u00f6nnen, wird immer weniger.\u00bb Deshalb habe gro\u00dfen Respekt vor den jungen Klimasch\u00fctzern: \u00abSie treten friedlich f\u00fcr das ein, was uns alle unbedingt angeht: die Zukunft unserer Erde.\u00bb In Oldenburg beteiligten sich nach Polizeiangaben rund 1.200 Menschen am Klimastreik.<\/p>\n<p class=\"MsoPlainText\">&nbsp;<\/p>\n<p class=\"MsoPlainText\">In G\u00f6ttingen starteten Sternm\u00e4rsche von mehreren Schulen aus zum Neuen Rathaus. Von dort aus zogen die Teilnehmenden weiter durch die Stadt. Auf Transparenten waren Slogans wie \u00ab\u00d6PNV statt SUV\u00bb oder \u00abDie Krisen haben System\u00bb zu lesen. In Hannover zogen die Demonstranten von der Innenstadt zum Stadtteil Linden. Darunter waren knapp 500 Teilnehmende der Gewerkschaft ver.di. In einem Aufruf wandten sich die Klimasch\u00fctzer gegen die weitere Nutzung fossiler Energietr\u00e4ger wie der Kohle aus L\u00fctzerath. Die Fl\u00fcssiggas-Terminals an den K\u00fcsten seien \u00abv\u00f6llig \u00fcberdimensioniert\u00bb. Bundesweit waren mehr als 240 Protestaktionen angemeldet.<\/p>\n<p class=\"MsoPlainText\">&nbsp;<\/p>\n<p class=\"MsoPlainText\">In Bremen hatten sich schon am Morgen drei Aktivisten der Bewegung \u00abLetzte Generation\u00bb auf einer Hauptverkehrsstra\u00dfe in der City festgeklebt. Das sorgte f\u00fcr zus\u00e4tzliche Behinderungen des Verkehrs. Die Einsatzkr\u00e4fte l\u00f6sten den Leim und trennten die Jugendlichen vom Asphalt. Zu Beginn der Blockade fuhr eine 60 Jahre alte Autofahrerin auf einen 25-J\u00e4hrigen zu, der gerade auf der Stra\u00dfe kniete. Dieser wich noch zur\u00fcck, wurde aber trotz Abbremsung der Frau noch leicht vom Fahrzeug ber\u00fchrt. Die Polizei beschlagnahmte den F\u00fchrerschein der 60-J\u00e4hrigen und ermittelt wegen einer Gef\u00e4hrdung des Stra\u00dfenverkehrs.<\/p>\n<p class=\"MsoPlainText\">&nbsp;<\/p>\n<p class=\"MsoPlainText\">In Hildesheim hatte der katholische Bischof Heiner Wilmer dazu aufgerufen, sich am Klimastreik zu beteiligen. \u00abDie soziale Frage des 21. Jahrhunderts ist die \u00f6kologische Frage, weil es um die Lebensgrundlage von uns allen geht\u00bb, sagte Wilmer: \u00abEs ist absolut dringlich, den Klimaschutz jetzt voranzubringen.\u00bb<\/p>\n<p class=\"MsoPlainText\">&nbsp;<\/p>\n<p>Kirche-Oldenburg<br \/>\n<a href=\"https:\/\/www.kirche-oldenburg.de\/\/aktuell\/news-niedersachsen\/artikel\/tausende-teilnehmende-bei-klimastreik-in-niedersachsen-und-bremen-umweltminister-sichert-demonstranten-den-turbo-fuer-klimaschutz-zu\" target=\"_blank\" rel=\"noopener\">Tausende Teilnehmende bei Klimastreik in Niedersachsen und Bremen &#8211; Umweltminister sichert Demonstranten den \u00abTurbo f\u00fcr Klimaschutz\u00bb zu\u00a0<\/a><\/p>\n","protected":false},"excerpt":{"rendered":"<p>Hannover\/Bremen (epd). Mehrere Tausend \u00fcberwiegend junge Leute haben sich am Freitag in Niedersachsen und Bremen am globalen Klimastreik der Bewegung \u00abFridays for Future\u00bb beteiligt. Allein in Bremen gingen nach Polizeiangaben rund 3.200 Menschen auf die Stra\u00dfe. Nach einer Auftaktkundgebung auf dem Marktplatz zogen sie durch die Innenstadt. Auf den Bannern waren in der Hansestadt Slogans wie \u00abB\u00e4ume statt Bomben\u00bb oder \u00abF\u00fcr eine klimaneutrale Industrie\u00bb zu lesen. &nbsp; Die Teilnehmenden forderten eine \u00f6kologische und sozial gerechte Verkehrswende, eine rasche Absenkung der CO2-Emissionen und die Einhaltung der Pariser Klimaziele. Bei vielen Veranstaltungen solidarisierten sie sich mit den Warnstreiks der Gewerkschaft ver.di im&#8230;<\/p>\n","protected":false},"author":7,"featured_media":0,"comment_status":"false","ping_status":"open","sticky":false,"template":"","format":"standard","meta":{"footnotes":""},"categories":[43],"tags":[44],"class_list":["post-23504","post","type-post","status-publish","format-standard","hentry","category-kirche-oldenburg","tag-kirche-oldenburg"],"_links":{"self":[{"href":"https:\/\/christusnews.de\/site\/wp-json\/wp\/v2\/posts\/23504","targetHints":{"allow":["GET"]}}],"collection":[{"href":"https:\/\/christusnews.de\/site\/wp-json\/wp\/v2\/posts"}],"about":[{"href":"https:\/\/christusnews.de\/site\/wp-json\/wp\/v2\/types\/post"}],"author":[{"embeddable":true,"href":"https:\/\/christusnews.de\/site\/wp-json\/wp\/v2\/users\/7"}],"replies":[{"embeddable":true,"href":"https:\/\/christusnews.de\/site\/wp-json\/wp\/v2\/comments?post=23504"}],"version-history":[{"count":1,"href":"https:\/\/christusnews.de\/site\/wp-json\/wp\/v2\/posts\/23504\/revisions"}],"predecessor-version":[{"id":23505,"href":"https:\/\/christusnews.de\/site\/wp-json\/wp\/v2\/posts\/23504\/revisions\/23505"}],"wp:attachment":[{"href":"https:\/\/christusnews.de\/site\/wp-json\/wp\/v2\/media?parent=23504"}],"wp:term":[{"taxonomy":"category","embeddable":true,"href":"https:\/\/christusnews.de\/site\/wp-json\/wp\/v2\/categories?post=23504"},{"taxonomy":"post_tag","embeddable":true,"href":"https:\/\/christusnews.de\/site\/wp-json\/wp\/v2\/tags?post=23504"}],"curies":[{"name":"wp","href":"https:\/\/api.w.org\/{rel}","templated":true}]}}