{"id":23523,"date":"2023-03-07T17:37:02","date_gmt":"2023-03-07T16:37:02","guid":{"rendered":"https:\/\/christusnews.de\/site\/bis-zu-1-000-saengerinnen-und-saenger-fuer-chor-musical-in-oldenburg-gesucht\/"},"modified":"2023-03-07T22:18:08","modified_gmt":"2023-03-07T21:18:08","slug":"bis-zu-1-000-saengerinnen-und-saenger-fuer-chor-musical-in-oldenburg-gesucht","status":"publish","type":"post","link":"https:\/\/christusnews.de\/site\/bis-zu-1-000-saengerinnen-und-saenger-fuer-chor-musical-in-oldenburg-gesucht\/","title":{"rendered":"Bis zu 1.000 S\u00e4ngerinnen und S\u00e4nger f\u00fcr Chor-Musical in Oldenburg gesucht"},"content":{"rendered":"<p>Das Herzst\u00fcck des Chormusicals \u201eMartin Luther King\u201c ist ein Mega-Chor aus bis zu 1.000 S\u00e4ngerinnen und S\u00e4ngern. Ab sofort werden Interessierte aus Oldenburg und Umgebung gesucht f\u00fcr die Auff\u00fchrung am Samstag, 09. September 2023, in der gro\u00dfen EWE-Arena in Oldenburg. Das Musical beleuchtet das Leben des amerikanischen B\u00fcrgerrechtlers und Baptistenpastors Martin Luther King und seinen Traum von gleichen Rechten f\u00fcr alle.&nbsp;<\/p>\n<p>Mitmachen kann jede und jeder, der gern singt \u2013 egal ob Chormitglieder, Musikbegeisterte, Hobbys\u00e4ngerinnen oder -s\u00e4nger. Alle Mitwirkenden erlernen bei eigenen und gemeinsamen Proben das 22 Songs umfassende Werk, um es im September auf die gro\u00dfe Showb\u00fchne zu bringen. In einer Mischung aus Gospel, Rock \u2018n\u2018 Roll, Motown und Pop entf\u00fchrt das Musical sein Publikum in die 60er-Jahre des vorigen Jahrhunderts. Die Musik der Komponisten Hanjo G\u00e4bler und Christoph Terbuyken und die Texte von Librettist Andreas Malessa illustrieren eine Zeit des Umbruchs und der sozialen Verwerfungen. Sie zeigen den B\u00fcrgerrechtler King mit seinen Motivationen, Tr\u00e4umen, aber auch Fehlern.<\/p>\n<p>Die Proben starten am <strong>Samstag, 25. M\u00e4rz 2023<\/strong>, mit der Schulung der Chorleitungen und 1. Regionalprobe <strong>in Oldenburg<\/strong>, am <strong>Sonntag, 26. M\u00e4rz 2023, <\/strong>wird <strong>in Bremen <\/strong>gesungen. Genauere Infos zu Ort folgen in K\u00fcrze. Bereits 600 Personen aus Ch\u00f6ren, aber auch Einzelpersonen ohne Chorzugeh\u00f6rigkeit haben sich angemeldet. Bis zu 1.000 Personen k\u00f6nnen insgesamt mitsingen. Interessierte finden Videos und H\u00f6rproben unter <a href=\"http:\/\/www.king-musical.de\/oldenburg\">www.king-musical.de\/oldenburg<\/a>&nbsp; &nbsp;<\/p>\n<p><strong>PROJEKTPATEN: Oberb\u00fcrgermeister J\u00fcrgen Krogmann und Bischof Thomas Adomeit<\/strong><br \/>\nProjektpaten sind der Oberb\u00fcrgermeister von Oldenburg, J\u00fcrgen Krogmann, und der Bischof der Ev.-Luth. Kirche in Oldenburg, Thomas Adomeit.<br \/>\n&nbsp;<\/p>\n<p><strong>Bischof Thomas Adomeit<\/strong><br \/>\n\u201eMartin Luther King war ein Revolution\u00e4r und ein Vision\u00e4r. Vor allem aber war er ein evangelischer Christ, der aus seinem unersch\u00fctterlichen Glauben die Kraft und den Mut sch\u00f6pfte, gegen die Rassentrennung aufzustehen. Dass dieser Widerstand gewaltlos war, beeindruckt und fasziniert mich besonders. Ich freue mich, dass viele hundert S\u00e4ngerinnen und S\u00e4nger aus Oldenburg und Umgebung mithelfen, diese Botschaft nachhaltig in unsere Gesellschaft zu tragen. Und ich w\u00fcnsche mir, dass viele Menschen diese Kraftquelle durch die Musik besonders sp\u00fcren und erleben k\u00f6nnen.\u201c<\/p>\n<p><strong>Oberb\u00fcrgermeister J\u00fcrgen Krogmann&nbsp;<\/strong><br \/>\n\u201eIch freue mich sehr, dass das Chormusical \u201aMartin Luther King\u2018 Station bei uns in Oldenburg macht. Die ber\u00fchmte Rede von Martin Luther King \u201aI have a Dream\u2018 ist das Aush\u00e4ngeschild der amerikanischen B\u00fcrgerrechtsbewegung. Sie gilt als eine der wichtigsten 100 politischen Reden Amerikas. Sein Traum von einer gerechten Welt ohne Rassismus, Diskriminierung und Ausgrenzung ist heute genauso aktuell wie vor 60 Jahren.\u201c&nbsp;<\/p>\n<p><strong>Chormusical ist Gemeinschaftsprojekt&nbsp;<\/strong><br \/>\nDas Chormusical ist ein Gemeinschaftsprojekt der Evangelisch-Lutherischen Kirche in Oldenburg, der Evangelisch-lutherischen Landeskirche Hannovers, der Evangelischen Kirche in Deutschland (EKD), des Bundes Evangelisch-Freikirchlicher Gemeinden in Deutschland (Baptisten- und Br\u00fcdergemeinden) sowie der Stiftung Creative Kirche aus Witten.&nbsp;<\/p>\n<p>Wer nicht mitsingen, aber die Auff\u00fchrung erleben m\u00f6chte, findet bereits jetzt Eintrittskarten ab 24,95 Euro unter <a href=\"http:\/\/www.king-musical.de\/tickets\">www.king-musical.de\/tickets<\/a>&nbsp;&nbsp;<\/p>\n<p><strong>Das Chormusical Martin Luther King ist 2023 an folgenden Orten zu erleben:<\/strong><br \/>\n\u2022&nbsp;&nbsp; &nbsp;11.+12.03.2023 &nbsp;&nbsp; &nbsp;Phoenix Contact Arena, Lemgo&nbsp;<br \/>\n\u2022&nbsp;&nbsp; &nbsp;18.03.2023&nbsp; &nbsp; &nbsp; &nbsp; &nbsp; &nbsp; StadtHalle, Rostock<br \/>\n\u2022&nbsp;&nbsp; &nbsp;22.04.2023&nbsp; &nbsp; &nbsp; &nbsp; &nbsp; &nbsp; Ratiopharm Arena, Neu-Ulm<br \/>\n\u2022&nbsp;&nbsp; &nbsp;29.04.2023&nbsp; &nbsp; &nbsp; &nbsp; &nbsp; &nbsp; Lokhalle, G\u00f6ttingen&nbsp;<br \/>\n<strong>\u2022&nbsp;&nbsp; &nbsp;09.09.2023&nbsp; &nbsp; &nbsp; &nbsp; &nbsp; &nbsp; EWE-Arena, Oldenburg<\/strong><br \/>\n\u2022&nbsp;&nbsp; &nbsp;11.11.2023&nbsp; &nbsp; &nbsp; &nbsp; &nbsp; &nbsp; EmslandArena, Lingen<br \/>\n\u2022&nbsp;&nbsp; &nbsp;18.11.2023&nbsp; &nbsp; &nbsp; &nbsp; &nbsp; &nbsp; Europapark, Rust<\/p>\n<p>Seit der Urauff\u00fchrung 2019 von \u201eI have a dream\u201c in Essen begeisterten rund 20.000 S\u00e4ngerinnen und S\u00e4nger weit \u00fcber 87.000 Zuschauende. Die j\u00fcngste S\u00e4ngerin war bisher 7 Jahre, der \u00e4lteste 91 Jahre alt. Am Tag der Auff\u00fchrung vereinen sich die Stimmen der jeweiligen Region des zwischen 500 und 1.300 Personen starken Chores zusammen mit den Musicalprofis zu einem eindrucksvollen Klangerlebnis. Insgesamt werden es bis Ende 2023 weitere 10.000 Aktive beteiligt sein.&nbsp;<\/p>\n<p>Das Engagement des Projektes f\u00fcr Verst\u00e4ndigung und Menschenrechte wurde durch das B\u00fcndnis f\u00fcr Demokratie und Toleranz (BfDT) gew\u00fcrdigt. Verliehen durch die Bundeszentrale f\u00fcr politische Bildung (bpb) ist das Chormusical Preistr\u00e4ger des Wettbewerbes \u201eAktiv f\u00fcr Demokratie und Toleranz\u201c.<br \/>\nGut zum Thema passende Artikel aus unserem Blog:<br \/>\n<a href=\"https:\/\/www.king-musical.de\/artikel\/gesicht-zeigen\/\">https:\/\/www.king-musical.de\/artikel\/gesicht-zeigen\/<\/a>&nbsp;<br \/>\n<a href=\"https:\/\/www.king-musical.de\/artikel\/gabi-steht-auf\/\">https:\/\/www.king-musical.de\/artikel\/gabi-steht-auf\/<\/a>&nbsp;&nbsp;<br \/>\n<a href=\"https:\/\/www.king-musical.de\/artikel\/vorbildliches-projekt\/\">https:\/\/www.king-musical.de\/artikel\/vorbildliches-projekt\/<\/a>&nbsp;<\/p>\n<p>Projektpartner des Chormusicals ist Brot f\u00fcr die Welt. Im Rahmen der Aktion Gospel f\u00fcr eine gerechtere Welt unterst\u00fctzt das Chormusical Martin Luther King ein Projekt von Brot f\u00fcr die Welt im Norden Kenias, das den Zugang zu sauberem Trinkwasser sichert. Die Beauftragte der Bundesregierung f\u00fcr Kultur und Medien unterst\u00fctzt das Projekt im Rahmen des F\u00f6rderprogramms &#8220;Neustart Kultur&#8221;, an dem die Initiative Musik gGmbH ma\u00dfgeblich mitwirkt.<\/p>\n<p>Das Chormusical wird unterst\u00fctzt durch die Deutsche Postcode Lotterie sowie die Wirtschaftspr\u00fcfungsgesellschaft Curacon. Medienpartner ist der ERF.<\/p>\n<p><strong>Stiftung Creative Kirche (Veranstalter der MLK-Projekte)<\/strong><br \/>\nAls selbst\u00e4ndige, gemeinn\u00fctzige kirchliche Stiftung\u202fentwickelt und veranstaltet die Creative Kirche mit Sitz in Witten\u202fseit fast 30 Jahren bundesweite\u202fGro\u00dfveranstaltungen Aus einem Gospelprojekt entstanden, ist sie inzwischen deutschlandweit einer der gr\u00f6\u00dften Anbieter f\u00fcr Projekte und Events im Bereich Pop- und Gospelmusik und veranstaltet Festivals, Konzerte, Tourneen und Workshops. Heute arbeiten rund 40 Mitarbeitende hauptamtlich und in den Projekten bis zu 150 Mitarbeitende ehrenamtlich an der Vision einer einladenden begeisternden Kirche im Hier und Jetzt. Die\u202fFestivals, Auff\u00fchrungen, Konzerte, Tourneen und\u202fTV-Produktionen\u202ffinden\u202fin\u202fenger\u202fKooperation mit den jeweiligen Kommunen, St\u00e4dten, Kirchen und weiteren Partnern\u202fstatt. Die\u202fBeteiligungsprojekte der\u202fStiftung Creative\u202fKirche\u202ferreichten in den letzten f\u00fcnf Jahren mehr als 50.000 Mitwirkende und mehr als\u202f500.000\u202fBesucherinnen und Besucher.\u202fDas Musical zum Leben und Wirken Martin Luthers sahen mehr als 1,7 Mio. Menschen\u202fim ZDF.<br \/>\n&nbsp;<\/p>\n<p>Kirche-Oldenburg<br \/>\n<a href=\"https:\/\/www.kirche-oldenburg.de\/\/aktuell\/pressemitteilungen\/artikel\/bis-zu-1000-saengerinnen-und-saenger-fuer-chor-musical-in-oldenburg-gesucht\" target=\"_blank\" rel=\"noopener\">Bis zu 1.000 S\u00e4ngerinnen und S\u00e4nger f\u00fcr Chor-Musical in Oldenburg gesucht<\/a><\/p>\n","protected":false},"excerpt":{"rendered":"<p>Das Herzst\u00fcck des Chormusicals \u201eMartin Luther King\u201c ist ein Mega-Chor aus bis zu 1.000 S\u00e4ngerinnen und S\u00e4ngern. Ab sofort werden Interessierte aus Oldenburg und Umgebung gesucht f\u00fcr die Auff\u00fchrung am Samstag, 09. September 2023, in der gro\u00dfen EWE-Arena in Oldenburg. Das Musical beleuchtet das Leben des amerikanischen B\u00fcrgerrechtlers und Baptistenpastors Martin Luther King und seinen Traum von gleichen Rechten f\u00fcr alle.&nbsp; Mitmachen kann jede und jeder, der gern singt \u2013 egal ob Chormitglieder, Musikbegeisterte, Hobbys\u00e4ngerinnen oder -s\u00e4nger. Alle Mitwirkenden erlernen bei eigenen und gemeinsamen Proben das 22 Songs umfassende Werk, um es im September auf die gro\u00dfe Showb\u00fchne zu bringen&#8230;.<\/p>\n","protected":false},"author":7,"featured_media":0,"comment_status":"false","ping_status":"open","sticky":false,"template":"","format":"standard","meta":{"footnotes":""},"categories":[43],"tags":[44],"class_list":["post-23523","post","type-post","status-publish","format-standard","hentry","category-kirche-oldenburg","tag-kirche-oldenburg"],"_links":{"self":[{"href":"https:\/\/christusnews.de\/site\/wp-json\/wp\/v2\/posts\/23523","targetHints":{"allow":["GET"]}}],"collection":[{"href":"https:\/\/christusnews.de\/site\/wp-json\/wp\/v2\/posts"}],"about":[{"href":"https:\/\/christusnews.de\/site\/wp-json\/wp\/v2\/types\/post"}],"author":[{"embeddable":true,"href":"https:\/\/christusnews.de\/site\/wp-json\/wp\/v2\/users\/7"}],"replies":[{"embeddable":true,"href":"https:\/\/christusnews.de\/site\/wp-json\/wp\/v2\/comments?post=23523"}],"version-history":[{"count":1,"href":"https:\/\/christusnews.de\/site\/wp-json\/wp\/v2\/posts\/23523\/revisions"}],"predecessor-version":[{"id":23524,"href":"https:\/\/christusnews.de\/site\/wp-json\/wp\/v2\/posts\/23523\/revisions\/23524"}],"wp:attachment":[{"href":"https:\/\/christusnews.de\/site\/wp-json\/wp\/v2\/media?parent=23523"}],"wp:term":[{"taxonomy":"category","embeddable":true,"href":"https:\/\/christusnews.de\/site\/wp-json\/wp\/v2\/categories?post=23523"},{"taxonomy":"post_tag","embeddable":true,"href":"https:\/\/christusnews.de\/site\/wp-json\/wp\/v2\/tags?post=23523"}],"curies":[{"name":"wp","href":"https:\/\/api.w.org\/{rel}","templated":true}]}}