{"id":23559,"date":"2023-03-08T10:00:00","date_gmt":"2023-03-08T09:00:00","guid":{"rendered":"https:\/\/christusnews.de\/site\/theologe-hermelink-kirchenaustritte-spiegeln-krisenstimmung-im-land\/"},"modified":"2023-03-09T22:17:50","modified_gmt":"2023-03-09T21:17:50","slug":"theologe-hermelink-kirchenaustritte-spiegeln-krisenstimmung-im-land","status":"publish","type":"post","link":"https:\/\/christusnews.de\/site\/theologe-hermelink-kirchenaustritte-spiegeln-krisenstimmung-im-land\/","title":{"rendered":"Theologe Hermelink: Kirchenaustritte spiegeln Krisenstimmung im Land"},"content":{"rendered":"<p class=\"MsoPlainText\">G\u00f6ttingen (epd). Der G\u00f6ttinger Theologieprofessor Jan Hermelink f\u00fchrt den j\u00fcngsten Anstieg der Kirchenaustritte vor allem auf die aktuelle wirtschaftliche und politische Krisenstimmung zur\u00fcck. \u00abViele Menschen haben weniger Geld und schauen, wo sie noch sparen k\u00f6nnen\u00bb, sagte der Praktische Theologe dem Evangelischen Pressedienst (epd). Zudem sei das politische Sicherheitsgef\u00fchl vieler Menschen ersch\u00fcttert. \u00abAuch deshalb pr\u00fcfen viele, wo sie sich wenigstens finanziell etwas Luft verschaffen k\u00f6nnen, selbst wenn sie \u00f6konomisch nicht direkt unter Druck stehen.\u00bb<\/p>\n<p class=\"MsoPlainText\">&nbsp;<\/p>\n<p class=\"MsoPlainText\">Am Dienstag hatte die Evangelische Kirche in Deutschland (EKD) die Mitgliederstatistik f\u00fcr 2022 ver\u00f6ffentlicht. Demnach traten im vergangenen Jahr bundesweit knapp 36 Prozent mehr Menschen aus der Kirche aus als 2021. Zu diesem Anstieg hat aus Hermelinks Sicht nicht zuletzt auch die Berichterstattung \u00fcber die Missbrauchsskandale und deren schleppende Aufarbeitung vor allem in der katholischen Kirche beigetragen.<\/p>\n<p class=\"MsoPlainText\">&nbsp;<\/p>\n<p class=\"MsoPlainText\">Indes spiegelten die neuesten Zahlen auch einen gr\u00f6\u00dferen Trend, der sich schon seit vielen Jahren abzeichne. \u00abKirchenmitgliedschaft ist bei immer weniger Menschen etwas Selbstverst\u00e4ndliches\u00bb, erl\u00e4uterte der evangelische Theologe. Stattdessen werde sie zunehmend als Ausdruck einer lebendigen Beziehung zur Kirche gesehen, die auf pers\u00f6nlicher Erfahrung beruht.<\/p>\n<p class=\"MsoPlainText\">&nbsp;<\/p>\n<p class=\"MsoPlainText\">Fr\u00fcher sei es auf diese pers\u00f6nliche Beziehung zur Kirche weniger angekommen, \u00abweil man eher aus famili\u00e4rer Tradition in der Kirche war, ohne das selbst genauer begr\u00fcnden zu k\u00f6nnen, oder weil das im Dorf oder in der Nachbarschaft einfach dazu geh\u00f6rte\u00bb, sagte Hermelink. Heute hingegen neigten Kirchenmitglieder mehr dazu, sich zu fragen, \u00abwarum einem die Bindung an die Kirche etwas wert ist &#8211; oder eben nicht mehr zum eigenen Leben dazu geh\u00f6rt\u00bb.<\/p>\n<p>Kirche-Oldenburg<br \/>\n<a href=\"https:\/\/www.kirche-oldenburg.de\/\/aktuell\/news-niedersachsen\/artikel\/theologe-hermelink-kirchenaustritte-spiegeln-krisenstimmung-im-land\" target=\"_blank\" rel=\"noopener\">Theologe Hermelink: Kirchenaustritte spiegeln Krisenstimmung im Land<\/a><\/p>\n","protected":false},"excerpt":{"rendered":"<p>G\u00f6ttingen (epd). Der G\u00f6ttinger Theologieprofessor Jan Hermelink f\u00fchrt den j\u00fcngsten Anstieg der Kirchenaustritte vor allem auf die aktuelle wirtschaftliche und politische Krisenstimmung zur\u00fcck. \u00abViele Menschen haben weniger Geld und schauen, wo sie noch sparen k\u00f6nnen\u00bb, sagte der Praktische Theologe dem Evangelischen Pressedienst (epd). Zudem sei das politische Sicherheitsgef\u00fchl vieler Menschen ersch\u00fcttert. \u00abAuch deshalb pr\u00fcfen viele, wo sie sich wenigstens finanziell etwas Luft verschaffen k\u00f6nnen, selbst wenn sie \u00f6konomisch nicht direkt unter Druck stehen.\u00bb &nbsp; Am Dienstag hatte die Evangelische Kirche in Deutschland (EKD) die Mitgliederstatistik f\u00fcr 2022 ver\u00f6ffentlicht. Demnach traten im vergangenen Jahr bundesweit knapp 36 Prozent mehr Menschen aus&#8230;<\/p>\n","protected":false},"author":7,"featured_media":0,"comment_status":"false","ping_status":"open","sticky":false,"template":"","format":"standard","meta":{"footnotes":""},"categories":[43],"tags":[44],"class_list":["post-23559","post","type-post","status-publish","format-standard","hentry","category-kirche-oldenburg","tag-kirche-oldenburg"],"_links":{"self":[{"href":"https:\/\/christusnews.de\/site\/wp-json\/wp\/v2\/posts\/23559","targetHints":{"allow":["GET"]}}],"collection":[{"href":"https:\/\/christusnews.de\/site\/wp-json\/wp\/v2\/posts"}],"about":[{"href":"https:\/\/christusnews.de\/site\/wp-json\/wp\/v2\/types\/post"}],"author":[{"embeddable":true,"href":"https:\/\/christusnews.de\/site\/wp-json\/wp\/v2\/users\/7"}],"replies":[{"embeddable":true,"href":"https:\/\/christusnews.de\/site\/wp-json\/wp\/v2\/comments?post=23559"}],"version-history":[{"count":1,"href":"https:\/\/christusnews.de\/site\/wp-json\/wp\/v2\/posts\/23559\/revisions"}],"predecessor-version":[{"id":23560,"href":"https:\/\/christusnews.de\/site\/wp-json\/wp\/v2\/posts\/23559\/revisions\/23560"}],"wp:attachment":[{"href":"https:\/\/christusnews.de\/site\/wp-json\/wp\/v2\/media?parent=23559"}],"wp:term":[{"taxonomy":"category","embeddable":true,"href":"https:\/\/christusnews.de\/site\/wp-json\/wp\/v2\/categories?post=23559"},{"taxonomy":"post_tag","embeddable":true,"href":"https:\/\/christusnews.de\/site\/wp-json\/wp\/v2\/tags?post=23559"}],"curies":[{"name":"wp","href":"https:\/\/api.w.org\/{rel}","templated":true}]}}