{"id":23563,"date":"2023-03-09T11:22:00","date_gmt":"2023-03-09T10:22:00","guid":{"rendered":"https:\/\/christusnews.de\/site\/laendliche-erwachsenenbildung-qualifiziert-fuer-fuehrungen-im-wattenmeer\/"},"modified":"2023-03-10T22:17:38","modified_gmt":"2023-03-10T21:17:38","slug":"laendliche-erwachsenenbildung-qualifiziert-fuer-fuehrungen-im-wattenmeer","status":"publish","type":"post","link":"https:\/\/christusnews.de\/site\/laendliche-erwachsenenbildung-qualifiziert-fuer-fuehrungen-im-wattenmeer\/","title":{"rendered":"L\u00e4ndliche Erwachsenenbildung qualifiziert f\u00fcr F\u00fchrungen im Wattenmeer"},"content":{"rendered":"<p class=\"MsoPlainText\">Bad Zwischenahn (epd). Die L\u00e4ndliche Erwachsenenbildung (LEB) in der Region Weser-Ems\/Nord bildet erneut Interessierte aus, die G\u00e4ste durch den Nationalpark Nieders\u00e4chsisches Wattenmeer f\u00fchren wollen. Der Kompaktkurs wird in Zusammenarbeit mit der Nationalparkverwaltung und der Alfred Toepfer Akademie f\u00fcr Naturschutz organisiert. Er beginnt am 16. M\u00e4rz, wie die LEB am Donnerstag in Bad Zwischenahn mitteilte.<\/p>\n<p class=\"MsoPlainText\">&nbsp;<\/p>\n<p class=\"MsoPlainText\">Die Schulung startet den Angaben zufolge mit einem dreit\u00e4gigen Online-Block von Donnerstag bis Samstag jeweils zwischen 10 und 18 Uhr. Sp\u00e4ter sind auch Treffen in Pr\u00e4senz geplant. Am Ende erhalten die Teilnehmenden ein Zertifikat, mit dem sie als neue Natur- und Landschaftsf\u00fchrende G\u00e4sten den Lebensraum Wattenmeer n\u00e4herbringen k\u00f6nnen. Anmeldungen sind telefonisch unter 04403\/98478-20 oder per Mail unter <a href=\"mailto:weser-ems@leb.de\">weser-ems@leb.de<\/a> m\u00f6glich.<\/p>\n<p>Kirche-Oldenburg<br \/>\n<a href=\"https:\/\/www.kirche-oldenburg.de\/\/aktuell\/news-niedersachsen\/artikel\/laendliche-erwachsenenbildung-qualifiziert-fuer-fuehrungen-im-wattenmeer\" target=\"_blank\" rel=\"noopener\">L\u00e4ndliche Erwachsenenbildung qualifiziert f\u00fcr F\u00fchrungen im Wattenmeer<\/a><\/p>\n","protected":false},"excerpt":{"rendered":"<p>Bad Zwischenahn (epd). Die L\u00e4ndliche Erwachsenenbildung (LEB) in der Region Weser-Ems\/Nord bildet erneut Interessierte aus, die G\u00e4ste durch den Nationalpark Nieders\u00e4chsisches Wattenmeer f\u00fchren wollen. Der Kompaktkurs wird in Zusammenarbeit mit der Nationalparkverwaltung und der Alfred Toepfer Akademie f\u00fcr Naturschutz organisiert. Er beginnt am 16. M\u00e4rz, wie die LEB am Donnerstag in Bad Zwischenahn mitteilte. &nbsp; Die Schulung startet den Angaben zufolge mit einem dreit\u00e4gigen Online-Block von Donnerstag bis Samstag jeweils zwischen 10 und 18 Uhr. Sp\u00e4ter sind auch Treffen in Pr\u00e4senz geplant. Am Ende erhalten die Teilnehmenden ein Zertifikat, mit dem sie als neue Natur- und Landschaftsf\u00fchrende G\u00e4sten den Lebensraum&#8230;<\/p>\n","protected":false},"author":7,"featured_media":0,"comment_status":"false","ping_status":"open","sticky":false,"template":"","format":"standard","meta":{"footnotes":""},"categories":[43],"tags":[44],"class_list":["post-23563","post","type-post","status-publish","format-standard","hentry","category-kirche-oldenburg","tag-kirche-oldenburg"],"_links":{"self":[{"href":"https:\/\/christusnews.de\/site\/wp-json\/wp\/v2\/posts\/23563","targetHints":{"allow":["GET"]}}],"collection":[{"href":"https:\/\/christusnews.de\/site\/wp-json\/wp\/v2\/posts"}],"about":[{"href":"https:\/\/christusnews.de\/site\/wp-json\/wp\/v2\/types\/post"}],"author":[{"embeddable":true,"href":"https:\/\/christusnews.de\/site\/wp-json\/wp\/v2\/users\/7"}],"replies":[{"embeddable":true,"href":"https:\/\/christusnews.de\/site\/wp-json\/wp\/v2\/comments?post=23563"}],"version-history":[{"count":1,"href":"https:\/\/christusnews.de\/site\/wp-json\/wp\/v2\/posts\/23563\/revisions"}],"predecessor-version":[{"id":23564,"href":"https:\/\/christusnews.de\/site\/wp-json\/wp\/v2\/posts\/23563\/revisions\/23564"}],"wp:attachment":[{"href":"https:\/\/christusnews.de\/site\/wp-json\/wp\/v2\/media?parent=23563"}],"wp:term":[{"taxonomy":"category","embeddable":true,"href":"https:\/\/christusnews.de\/site\/wp-json\/wp\/v2\/categories?post=23563"},{"taxonomy":"post_tag","embeddable":true,"href":"https:\/\/christusnews.de\/site\/wp-json\/wp\/v2\/tags?post=23563"}],"curies":[{"name":"wp","href":"https:\/\/api.w.org\/{rel}","templated":true}]}}