{"id":23569,"date":"2023-03-13T13:31:25","date_gmt":"2023-03-13T12:31:25","guid":{"rendered":"https:\/\/christusnews.de\/site\/?p=23569"},"modified":"2023-03-13T13:33:26","modified_gmt":"2023-03-13T12:33:26","slug":"pastor-frank-morgenstern-kommt-zurueck","status":"publish","type":"post","link":"https:\/\/christusnews.de\/site\/pastor-frank-morgenstern-kommt-zurueck\/","title":{"rendered":"Pastor Frank Morgenstern kommt zur\u00fcck"},"content":{"rendered":"\n<p>Im Fr\u00fchjahr 2022 wurde bei Pastor Frank Morgenstern eine seltene und aggressive Form von Krebs diagnostiziert. In den letzten Monaten hat sich Frank Morgenstern einer aufwendigen und sehr anstrengenden Therapie unterzogen. Und die war erfolgreich! Nach Ostern kehrt er zur\u00fcck in die Gemeinde. Das ist eine \u00f6sterliche Freude! <\/p>\n\n\n\n<p>Hier ist ein Link zu einem Interview bei Radio Jade und ein Artikel aus dem Gemeindebrief Tandem. <\/p>\n\n\n\n<p><\/p>\n\n\n\n<p><strong>Interview auf Radio jade<\/strong><\/p>\n\n\n\n<p><a href=\"http:\/\/www.radio-jade.de\/alle-beitraege\/normalbeitraege\/kultur\/2023\/03\/frank-morgenstern-kommt-zurueck\/\">http:\/\/www.radio-jade.de\/alle-beitraege\/normalbeitraege\/kultur\/2023\/03\/frank-morgenstern-kommt-zurueck\/<\/a><\/p>\n\n\n\n<p><\/p>\n\n\n\n<figure class=\"wp-block-image size-large\"><a href=\"https:\/\/christusnews.de\/site\/wp-content\/uploads\/IMG_9558-scaled.jpeg\"><img loading=\"lazy\" decoding=\"async\" width=\"1024\" height=\"768\" src=\"https:\/\/christusnews.de\/site\/wp-content\/uploads\/IMG_9558-1024x768.jpeg\" alt=\"\" class=\"wp-image-23571\" srcset=\"https:\/\/christusnews.de\/site\/wp-content\/uploads\/IMG_9558-1024x768.jpeg 1024w, https:\/\/christusnews.de\/site\/wp-content\/uploads\/IMG_9558-300x225.jpeg 300w, https:\/\/christusnews.de\/site\/wp-content\/uploads\/IMG_9558-768x576.jpeg 768w, https:\/\/christusnews.de\/site\/wp-content\/uploads\/IMG_9558-1536x1152.jpeg 1536w, https:\/\/christusnews.de\/site\/wp-content\/uploads\/IMG_9558-2048x1536.jpeg 2048w\" sizes=\"auto, (max-width: 1024px) 100vw, 1024px\" \/><\/a><\/figure>\n\n\n\n<p><strong>Guten Morgen.Stern<\/strong><\/p>\n\n\n\n<p>Eigentlich wollte ich im letzten April ein dreimonatiges Sabbatical machen. Alles war geplant und dann stellte man bei mir (zuf\u00e4llig) eine heftige und t\u00fcckische Krebsform fest. Mantelzell Lymphom so hie\u00df das Thema mit dem ich mich zu besch\u00e4ftigen hatte. Sechs Chemotherapien in Sanderbusch und dann eine Hochdosis Chemo und eine Stammzelltransplantation in Hagen (Westfalen) bestimmten&nbsp;&nbsp;das Jahr 2022. Zwischen M\u00e4rz und November war ich mehr Tage im Krankenhaus als zu Hause. Dabei waren gar nicht so sehr die Therapien das Problem, sondern vielmehr eine Vielzahl von Nebenwirkungen., die mich aus der Bahn warfen. Ich war richtig schlapp und KO.&nbsp;<\/p>\n\n\n\n<p>Anfang dieses Jahres hie\u00df es dann: im Augenblick ist kein Krebs mehr in deinem K\u00f6rper. Alle Nachuntersuchungen waren erfreulich. Mir ist klar, dass dies eine Momentaufnahme ist, aber eine sehr sch\u00f6ne. Seit Dezember versuche ich meinen K\u00f6rper wieder auf den Weg zu bringen. Spazieren gehen, Gymnastik, Fahrradfahren und Rennrad auf der Rolle, alles das geh\u00f6rt unter Anleitung meiner Physiotherapeutin zum Genesungsweg. Aber auch F\u00fc\u00dfe hochlegen und wieder Kraft sammeln, auch das geh\u00f6rt dazu. Manch einen und eine habe ich dabei in der Stadt schon gesehen, (also beim Gehen und Laufen, nicht beim F\u00fc\u00dfe hochlegen).&nbsp;<\/p>\n\n\n\n<p>So kann ich jetzt tats\u00e4chlich die Arbeit wieder in den Blick nehmen. Am 13. April fange ich wieder an zu arbeiten. Erst St\u00fcck f\u00fcr St\u00fcck, bis ich dann im Sommer wieder auf einer kompletten Stelle bin. Ich freue mich, wieder zur\u00fcckzukommen. Viel hat sich in der Zeit meiner Abwesenheit in der Gemeinde getan, so dass manches wirklich ganz neu sein wird . Ich komme an einen sehr bekannten Ort, der sich aber sehr ver\u00e4ndert hat und ver\u00e4ndern wird. Mein erster Arbeitsschwerpunkt wird der Bereich der Citykirche sein, aber dann kommen die anderen Bereiche in den ersten drei Monaten nacheinander auch dazu. Ich freue mich, Sie und Euch wieder zu sehen. Danke an euch alle, die ihr in der Zeit meiner Abwesenheit an mich gedacht habt, mir Nachrichten geschrieben habt, mich in eure Gebete aufgenommen habt oder einfach mal euch gemeldet habt. Tats\u00e4chlich hat mich das sehr am Leben gehalten.<\/p>\n\n\n\n<p>Bis bald, irgendwann und irgendwo, euer Frank &amp; Morgenstern.<\/p>\n","protected":false},"excerpt":{"rendered":"<p>Im Fr\u00fchjahr 2022 wurde bei Pastor Frank Morgenstern eine seltene und aggressive Form von Krebs diagnostiziert. In den letzten Monaten hat sich Frank Morgenstern einer aufwendigen und sehr anstrengenden Therapie unterzogen. Und die war erfolgreich! Nach Ostern kehrt er zur\u00fcck in die Gemeinde. Das ist eine \u00f6sterliche Freude! Hier ist ein Link zu einem Interview bei Radio Jade und ein Artikel aus dem Gemeindebrief Tandem. Interview auf Radio jade http:\/\/www.radio-jade.de\/alle-beitraege\/normalbeitraege\/kultur\/2023\/03\/frank-morgenstern-kommt-zurueck\/ Guten Morgen.Stern Eigentlich wollte ich im letzten April ein dreimonatiges Sabbatical machen. Alles war geplant und dann stellte man bei mir (zuf\u00e4llig) eine heftige und t\u00fcckische Krebsform fest. Mantelzell Lymphom&#8230;<\/p>\n","protected":false},"author":4,"featured_media":23570,"comment_status":"closed","ping_status":"open","sticky":false,"template":"","format":"standard","meta":{"footnotes":""},"categories":[1],"tags":[],"class_list":["post-23569","post","type-post","status-publish","format-standard","has-post-thumbnail","hentry","category-gemeinde"],"_links":{"self":[{"href":"https:\/\/christusnews.de\/site\/wp-json\/wp\/v2\/posts\/23569","targetHints":{"allow":["GET"]}}],"collection":[{"href":"https:\/\/christusnews.de\/site\/wp-json\/wp\/v2\/posts"}],"about":[{"href":"https:\/\/christusnews.de\/site\/wp-json\/wp\/v2\/types\/post"}],"author":[{"embeddable":true,"href":"https:\/\/christusnews.de\/site\/wp-json\/wp\/v2\/users\/4"}],"replies":[{"embeddable":true,"href":"https:\/\/christusnews.de\/site\/wp-json\/wp\/v2\/comments?post=23569"}],"version-history":[{"count":2,"href":"https:\/\/christusnews.de\/site\/wp-json\/wp\/v2\/posts\/23569\/revisions"}],"predecessor-version":[{"id":23573,"href":"https:\/\/christusnews.de\/site\/wp-json\/wp\/v2\/posts\/23569\/revisions\/23573"}],"wp:featuredmedia":[{"embeddable":true,"href":"https:\/\/christusnews.de\/site\/wp-json\/wp\/v2\/media\/23570"}],"wp:attachment":[{"href":"https:\/\/christusnews.de\/site\/wp-json\/wp\/v2\/media?parent=23569"}],"wp:term":[{"taxonomy":"category","embeddable":true,"href":"https:\/\/christusnews.de\/site\/wp-json\/wp\/v2\/categories?post=23569"},{"taxonomy":"post_tag","embeddable":true,"href":"https:\/\/christusnews.de\/site\/wp-json\/wp\/v2\/tags?post=23569"}],"curies":[{"name":"wp","href":"https:\/\/api.w.org\/{rel}","templated":true}]}}