{"id":23574,"date":"2023-03-12T12:18:00","date_gmt":"2023-03-12T11:18:00","guid":{"rendered":"https:\/\/christusnews.de\/site\/synodalversammlung-propst-fordert-schnelle-umsetzung-von-beschluessen\/"},"modified":"2023-03-13T22:17:30","modified_gmt":"2023-03-13T21:17:30","slug":"synodalversammlung-propst-fordert-schnelle-umsetzung-von-beschluessen","status":"publish","type":"post","link":"https:\/\/christusnews.de\/site\/synodalversammlung-propst-fordert-schnelle-umsetzung-von-beschluessen\/","title":{"rendered":"Synodalversammlung: Propst fordert schnelle Umsetzung von Beschl\u00fcssen"},"content":{"rendered":"<p class=\"MsoPlainText\">Bremen\/Frankfurt a.M. (epd). Zum Abschluss der f\u00fcnften Synodalversammlung der katholischen Kirche hat der Bremer Propst Bernhard Stecker ein positives Fazit gezogen. Insbesondere das Erm\u00f6glichen von Segensfeiern f\u00fcr Liebende, wie f\u00fcr wiederverheiratet Geschiedene und homosexuelle Paare, sei ein wichtiger Schritt nach vorn, sagte der katholische Theologe am Sonntag. \u00abHier m\u00fcssen wir jetzt z\u00fcgig in die Umsetzung kommen und Handreichungen und konkrete Gottesdienstvorschl\u00e4ge entwickeln.\u00bb<\/p>\n<p class=\"MsoPlainText\">&nbsp;<\/p>\n<p class=\"MsoPlainText\">Auch die Predigterlaubnis f\u00fcr Laien, die F\u00f6rderung nach Zugang von Frauen zum Diakonat und die Anerkennung geschlechtlicher Vielfalt seien wegweisend. Der Sprecher des Priesterrats im Bistum Osnabr\u00fcck begr\u00fc\u00dfte au\u00dferdem die Bitte an den Papst, das Pflichtz\u00f6libat zu \u00fcberpr\u00fcfen. \u00abDiese Frage liegt ja offenkundig auf dem Tisch.\u00bb In anderen L\u00e4ndern gebe es \u00e4hnliche Stellungnahmen zur k\u00fcnftigen Lebensform der Priester und die katholische Kirche sei in der Lage, sich zu reformieren.<\/p>\n<p class=\"MsoPlainText\">&nbsp;<\/p>\n<p class=\"MsoPlainText\">Stecker war bei der Synodalversammlung in Frankfurt am Main der einzige Vertreter aus dem Bundesland Bremen. Der Reformprozess war 2019 von der katholischen Deutschen Bischofskonferenz und dem Zentralkomitee der deutschen Katholiken ins Leben gerufen worden, um Wege aus der Vertrauenskrise durch die Missbrauchsskandale zu finden.&nbsp;Die Versammlung endete am Sonnabend.<\/p>\n<p class=\"MsoPlainText\">&nbsp;<\/p>\n<p>Kirche-Oldenburg<br \/>\n<a href=\"https:\/\/www.kirche-oldenburg.de\/\/aktuell\/news-niedersachsen\/artikel\/synodalversammlung-propst-fordert-schnelle-umsetzung-von-beschluessen\" target=\"_blank\" rel=\"noopener\">Synodalversammlung: Propst fordert schnelle Umsetzung von Beschl\u00fcssen<\/a><\/p>\n","protected":false},"excerpt":{"rendered":"<p>Bremen\/Frankfurt a.M. (epd). Zum Abschluss der f\u00fcnften Synodalversammlung der katholischen Kirche hat der Bremer Propst Bernhard Stecker ein positives Fazit gezogen. Insbesondere das Erm\u00f6glichen von Segensfeiern f\u00fcr Liebende, wie f\u00fcr wiederverheiratet Geschiedene und homosexuelle Paare, sei ein wichtiger Schritt nach vorn, sagte der katholische Theologe am Sonntag. \u00abHier m\u00fcssen wir jetzt z\u00fcgig in die Umsetzung kommen und Handreichungen und konkrete Gottesdienstvorschl\u00e4ge entwickeln.\u00bb &nbsp; Auch die Predigterlaubnis f\u00fcr Laien, die F\u00f6rderung nach Zugang von Frauen zum Diakonat und die Anerkennung geschlechtlicher Vielfalt seien wegweisend. Der Sprecher des Priesterrats im Bistum Osnabr\u00fcck begr\u00fc\u00dfte au\u00dferdem die Bitte an den Papst, das Pflichtz\u00f6libat zu&#8230;<\/p>\n","protected":false},"author":7,"featured_media":0,"comment_status":"false","ping_status":"open","sticky":false,"template":"","format":"standard","meta":{"footnotes":""},"categories":[43],"tags":[44],"class_list":["post-23574","post","type-post","status-publish","format-standard","hentry","category-kirche-oldenburg","tag-kirche-oldenburg"],"_links":{"self":[{"href":"https:\/\/christusnews.de\/site\/wp-json\/wp\/v2\/posts\/23574","targetHints":{"allow":["GET"]}}],"collection":[{"href":"https:\/\/christusnews.de\/site\/wp-json\/wp\/v2\/posts"}],"about":[{"href":"https:\/\/christusnews.de\/site\/wp-json\/wp\/v2\/types\/post"}],"author":[{"embeddable":true,"href":"https:\/\/christusnews.de\/site\/wp-json\/wp\/v2\/users\/7"}],"replies":[{"embeddable":true,"href":"https:\/\/christusnews.de\/site\/wp-json\/wp\/v2\/comments?post=23574"}],"version-history":[{"count":1,"href":"https:\/\/christusnews.de\/site\/wp-json\/wp\/v2\/posts\/23574\/revisions"}],"predecessor-version":[{"id":23575,"href":"https:\/\/christusnews.de\/site\/wp-json\/wp\/v2\/posts\/23574\/revisions\/23575"}],"wp:attachment":[{"href":"https:\/\/christusnews.de\/site\/wp-json\/wp\/v2\/media?parent=23574"}],"wp:term":[{"taxonomy":"category","embeddable":true,"href":"https:\/\/christusnews.de\/site\/wp-json\/wp\/v2\/categories?post=23574"},{"taxonomy":"post_tag","embeddable":true,"href":"https:\/\/christusnews.de\/site\/wp-json\/wp\/v2\/tags?post=23574"}],"curies":[{"name":"wp","href":"https:\/\/api.w.org\/{rel}","templated":true}]}}