{"id":23578,"date":"2023-03-11T12:17:00","date_gmt":"2023-03-11T11:17:00","guid":{"rendered":"https:\/\/christusnews.de\/site\/rund-200-menschen-erinnern-an-getoetete-jugendliche-aus-bramsche\/"},"modified":"2023-03-13T22:17:31","modified_gmt":"2023-03-13T21:17:31","slug":"rund-200-menschen-erinnern-an-getoetete-jugendliche-aus-bramsche","status":"publish","type":"post","link":"https:\/\/christusnews.de\/site\/rund-200-menschen-erinnern-an-getoetete-jugendliche-aus-bramsche\/","title":{"rendered":"Rund 200 Menschen erinnern an get\u00f6tete Jugendliche aus Bramsche"},"content":{"rendered":"<p class=\"MsoPlainText\">Bramsche\/Kr. Osnabr\u00fcck (epd). Rund 200 Menschen haben am Samstagabend in Bramsche mit einer interreligi\u00f6sen Gedenkfeier an zwei k\u00fcrzliche get\u00f6tete Jugendliche erinnert. Die Feier in der evangelischen St.-Martin-Kirche sei sehr bewegend gewesen, sagte Stadtsprecher Yannick Richter dem Evangelischen Pressedienst (epd). In der rund 32.000 Einwohner z\u00e4hlenden Gemeinde wurden innerhalb einer Woche ein 16-J\u00e4hriger und eine 19-J\u00e4hrige durch Gewaltverbrechen get\u00f6tet.<\/p>\n<p class=\"MsoPlainText\">&nbsp;<\/p>\n<p class=\"MsoPlainText\">Die Feier, an der B\u00fcrgermeister Heiner Pahlmann (SPD) und Vertreter der evangelischen, katholischen und der t\u00fcrkisch-islamischen Gemeinde beteiligt waren, begann zun\u00e4chst mit einer Schweigeminute. Zum Abschluss konnte jeder Besucher eine Kerze entz\u00fcnden. In der Kirche wird au\u00dferdem bis zum 19. M\u00e4rz ein Kondolenzbuch ausliegen.<\/p>\n<p class=\"MsoPlainText\">&nbsp;<\/p>\n<p class=\"MsoPlainText\">Ein 81-j\u00e4hriger Mann hatte Anfang vergangener Woche auf einen 16-J\u00e4hrigen geschossen. Der Jugendliche starb an den Folgen seiner Verletzungen, der T\u00e4ter habe sich anschlie\u00dfend selbst lebensgef\u00e4hrlich verletzt. Im Bramscher Ortsteil Pente wurde wenige Tage sp\u00e4ter eine 19-J\u00e4hrige in der N\u00e4he einer Sch\u00fctzenhalle, wo es eine Geburtstagsfeier gegeben hatte, schwer verletzt gefunden. Im Krankenhaus wurde ihr Tod festgestellt. Nach Angaben der Polizei wurde ein 20-j\u00e4hriger Mann in Untersuchungshaft genommen.<\/p>\n<p>Kirche-Oldenburg<br \/>\n<a href=\"https:\/\/www.kirche-oldenburg.de\/\/aktuell\/news-niedersachsen\/artikel\/rund-200-menschen-erinnern-an-getoetete-jugendliche-aus-bramsche\" target=\"_blank\" rel=\"noopener\">Rund 200 Menschen erinnern an get\u00f6tete Jugendliche aus Bramsche<\/a><\/p>\n","protected":false},"excerpt":{"rendered":"<p>Bramsche\/Kr. Osnabr\u00fcck (epd). Rund 200 Menschen haben am Samstagabend in Bramsche mit einer interreligi\u00f6sen Gedenkfeier an zwei k\u00fcrzliche get\u00f6tete Jugendliche erinnert. Die Feier in der evangelischen St.-Martin-Kirche sei sehr bewegend gewesen, sagte Stadtsprecher Yannick Richter dem Evangelischen Pressedienst (epd). In der rund 32.000 Einwohner z\u00e4hlenden Gemeinde wurden innerhalb einer Woche ein 16-J\u00e4hriger und eine 19-J\u00e4hrige durch Gewaltverbrechen get\u00f6tet. &nbsp; Die Feier, an der B\u00fcrgermeister Heiner Pahlmann (SPD) und Vertreter der evangelischen, katholischen und der t\u00fcrkisch-islamischen Gemeinde beteiligt waren, begann zun\u00e4chst mit einer Schweigeminute. Zum Abschluss konnte jeder Besucher eine Kerze entz\u00fcnden. In der Kirche wird au\u00dferdem bis zum 19. M\u00e4rz&#8230;<\/p>\n","protected":false},"author":7,"featured_media":0,"comment_status":"false","ping_status":"open","sticky":false,"template":"","format":"standard","meta":{"footnotes":""},"categories":[43],"tags":[44],"class_list":["post-23578","post","type-post","status-publish","format-standard","hentry","category-kirche-oldenburg","tag-kirche-oldenburg"],"_links":{"self":[{"href":"https:\/\/christusnews.de\/site\/wp-json\/wp\/v2\/posts\/23578","targetHints":{"allow":["GET"]}}],"collection":[{"href":"https:\/\/christusnews.de\/site\/wp-json\/wp\/v2\/posts"}],"about":[{"href":"https:\/\/christusnews.de\/site\/wp-json\/wp\/v2\/types\/post"}],"author":[{"embeddable":true,"href":"https:\/\/christusnews.de\/site\/wp-json\/wp\/v2\/users\/7"}],"replies":[{"embeddable":true,"href":"https:\/\/christusnews.de\/site\/wp-json\/wp\/v2\/comments?post=23578"}],"version-history":[{"count":1,"href":"https:\/\/christusnews.de\/site\/wp-json\/wp\/v2\/posts\/23578\/revisions"}],"predecessor-version":[{"id":23579,"href":"https:\/\/christusnews.de\/site\/wp-json\/wp\/v2\/posts\/23578\/revisions\/23579"}],"wp:attachment":[{"href":"https:\/\/christusnews.de\/site\/wp-json\/wp\/v2\/media?parent=23578"}],"wp:term":[{"taxonomy":"category","embeddable":true,"href":"https:\/\/christusnews.de\/site\/wp-json\/wp\/v2\/categories?post=23578"},{"taxonomy":"post_tag","embeddable":true,"href":"https:\/\/christusnews.de\/site\/wp-json\/wp\/v2\/tags?post=23578"}],"curies":[{"name":"wp","href":"https:\/\/api.w.org\/{rel}","templated":true}]}}