{"id":23594,"date":"2023-03-13T10:41:00","date_gmt":"2023-03-13T09:41:00","guid":{"rendered":"https:\/\/christusnews.de\/site\/christliche-lebenskunst-in-vergangenheit-gegenwart-und-zukunft\/"},"modified":"2023-03-14T10:17:27","modified_gmt":"2023-03-14T09:17:27","slug":"christliche-lebenskunst-in-vergangenheit-gegenwart-und-zukunft","status":"publish","type":"post","link":"https:\/\/christusnews.de\/site\/christliche-lebenskunst-in-vergangenheit-gegenwart-und-zukunft\/","title":{"rendered":"Christliche Lebenskunst in Vergangenheit, Gegenwart und Zukunft"},"content":{"rendered":"<p>\u201eChristliche Lebenskunst in Vergangenheit, Gegenwart und Zukunft\u201c lautet das Motto einer Veranstaltungsreihe, die vom 14. M\u00e4rz bis zum 15. Juni im Ev.-luth. Kirchenkreis Ammerland stattfindet. Mit Kopf, Herz und Hand wird in Vortr\u00e4gen und Gottesdiensten, Pilgerwegen, Musik und Ausfl\u00fcgen dem Kern christlicher Spiritualit\u00e4t nachgesp\u00fcrt. Veranstalter des vielf\u00e4ltigen Programms sind der Kirchenkreis Ammerland und seine Kirchengemeinden in Kooperation mit dem Evangelischen Erwachsenenbildungswerk Ammerland.&nbsp;<\/p>\n<p>Zum Auftakt der Reihe \u201eChristliche Lebenskunst\u201c veranstaltet die Kirchengemeinde Rastede am Dienstag, 14. M\u00e4rz, einen Vortragsabend mit der Theologin Dr. Silke Harms aus dem geistlichen Zentrum Kloster Bursfelde. Beginn ist 19 Uhr im Gemeindehaus am Denkmalsplatz 5 in Rastede.<\/p>\n<p>Die Referentin spricht zum Thema \u201eWie wird christlicher Glaube konkret?\u201c Dabei geht sie davon aus, dass \u201eein Glaube, der nicht konkret wird, wie eine Partitur ist, die nicht Musik wird\u201c. Denn im christlichen Glauben gehe es nicht allein darum, zu wissen, was Menschen glauben sollen, sondern eine Gestalt zu finden, wie geglaubt werden kann. Nach dem Vortrag wird es Gelegenheit geben, \u00fcber das Geh\u00f6rte ins Gespr\u00e4ch zu kommen. Die Kirchengemeinde Rastede und der Kirchenkreis Ammerland laden Interessierte herzlich ein. Eine vorherige Anmeldung ist nicht erforderlich.<\/p>\n<p>\u201eIch bin davon \u00fcberzeugt, dass christliche Spiritualit\u00e4t mit unserem Alltag zu tun hat. Wir m\u00fcssen uns dem Himmel \u00f6ffnen, um dem Leben gerecht zu werden\u201c, so Kreispfarrer Lars Dede im Programmheft, das unter <a href=\"https:\/\/www.eeb-niedersachsen.de\/?id=38175\">https:\/\/www.eeb-niedersachsen.de\/?id=38175<\/a>&nbsp;abrufbar ist.&nbsp;<br \/>\n&nbsp;<\/p>\n<p>Kirche-Oldenburg<br \/>\n<a href=\"https:\/\/www.kirche-oldenburg.de\/\/aktuell\/aus-den-kirchenkreisen\/artikel\/christliche-lebenskunst-in-vergangenheit-gegenwart-und-zukunft\" target=\"_blank\" rel=\"noopener\">Christliche Lebenskunst in Vergangenheit, Gegenwart und Zukunft<\/a><\/p>\n","protected":false},"excerpt":{"rendered":"<p>\u201eChristliche Lebenskunst in Vergangenheit, Gegenwart und Zukunft\u201c lautet das Motto einer Veranstaltungsreihe, die vom 14. M\u00e4rz bis zum 15. Juni im Ev.-luth. Kirchenkreis Ammerland stattfindet. Mit Kopf, Herz und Hand wird in Vortr\u00e4gen und Gottesdiensten, Pilgerwegen, Musik und Ausfl\u00fcgen dem Kern christlicher Spiritualit\u00e4t nachgesp\u00fcrt. Veranstalter des vielf\u00e4ltigen Programms sind der Kirchenkreis Ammerland und seine Kirchengemeinden in Kooperation mit dem Evangelischen Erwachsenenbildungswerk Ammerland.&nbsp; Zum Auftakt der Reihe \u201eChristliche Lebenskunst\u201c veranstaltet die Kirchengemeinde Rastede am Dienstag, 14. M\u00e4rz, einen Vortragsabend mit der Theologin Dr. Silke Harms aus dem geistlichen Zentrum Kloster Bursfelde. Beginn ist 19 Uhr im Gemeindehaus am Denkmalsplatz 5 in&#8230;<\/p>\n","protected":false},"author":7,"featured_media":0,"comment_status":"false","ping_status":"open","sticky":false,"template":"","format":"standard","meta":{"footnotes":""},"categories":[43],"tags":[44],"class_list":["post-23594","post","type-post","status-publish","format-standard","hentry","category-kirche-oldenburg","tag-kirche-oldenburg"],"_links":{"self":[{"href":"https:\/\/christusnews.de\/site\/wp-json\/wp\/v2\/posts\/23594","targetHints":{"allow":["GET"]}}],"collection":[{"href":"https:\/\/christusnews.de\/site\/wp-json\/wp\/v2\/posts"}],"about":[{"href":"https:\/\/christusnews.de\/site\/wp-json\/wp\/v2\/types\/post"}],"author":[{"embeddable":true,"href":"https:\/\/christusnews.de\/site\/wp-json\/wp\/v2\/users\/7"}],"replies":[{"embeddable":true,"href":"https:\/\/christusnews.de\/site\/wp-json\/wp\/v2\/comments?post=23594"}],"version-history":[{"count":1,"href":"https:\/\/christusnews.de\/site\/wp-json\/wp\/v2\/posts\/23594\/revisions"}],"predecessor-version":[{"id":23595,"href":"https:\/\/christusnews.de\/site\/wp-json\/wp\/v2\/posts\/23594\/revisions\/23595"}],"wp:attachment":[{"href":"https:\/\/christusnews.de\/site\/wp-json\/wp\/v2\/media?parent=23594"}],"wp:term":[{"taxonomy":"category","embeddable":true,"href":"https:\/\/christusnews.de\/site\/wp-json\/wp\/v2\/categories?post=23594"},{"taxonomy":"post_tag","embeddable":true,"href":"https:\/\/christusnews.de\/site\/wp-json\/wp\/v2\/tags?post=23594"}],"curies":[{"name":"wp","href":"https:\/\/api.w.org\/{rel}","templated":true}]}}