{"id":23596,"date":"2023-03-13T09:52:00","date_gmt":"2023-03-13T08:52:00","guid":{"rendered":"https:\/\/christusnews.de\/site\/kurienkardinal-koch-kirchen-sollen-um-einheit-aller-christen-ringen\/"},"modified":"2023-03-14T10:17:28","modified_gmt":"2023-03-14T09:17:28","slug":"kurienkardinal-koch-kirchen-sollen-um-einheit-aller-christen-ringen","status":"publish","type":"post","link":"https:\/\/christusnews.de\/site\/kurienkardinal-koch-kirchen-sollen-um-einheit-aller-christen-ringen\/","title":{"rendered":"Kurienkardinal Koch: Kirchen sollen um Einheit aller Christen ringen"},"content":{"rendered":"<p>Loccum\/Kr. Nienburg (epd). Der \u00ab\u00d6kumene-Minister\u00bb des Vatikan, Kurienkardinal Kurt Koch, hat die Kirchen dazu aufgerufen, um die \u00abEinheit aller Christen in der einen Kirche\u00bb zu ringen. Koch (72) war am Montag zu Gast im evangelischen Kloster Loccum in Niedersachsen. Der h\u00f6chste \u00d6kumene-Repr\u00e4sentant der r\u00f6misch-katholischen Kirche traf sich dort zu Gespr\u00e4chen mit lutherischen Bisch\u00f6finnen und Bisch\u00f6fen. Diese hatten ihn zur Fr\u00fchjahrstagung der Vereinigten Evangelisch-Lutherischen Kirche Deutschlands (VELKD) eingeladen.<\/p>\n<p>\nBei dem Treffen wurden nach VELKD-Angaben unterschiedliche Vorstellungen von Einheit deutlich. Aus katholischer Sicht sei die Einheit nur als kombinierte \u00abBekenntnis- und Kirchengemeinschaft\u00bb denkbar, sagte der Schweizer Theologe Koch, der seit 2010 Pr\u00e4sident des p\u00e4pstlichen Einheitsrates ist. Danach bestehe das \u00f6kumenische Ziel in der sichtbaren Einheit in Bekenntnis, \u00c4mtern und Sakramenten.<\/p>\n<p>\nKoch grenzte sich damit von einem protestantischen Verst\u00e4ndnis von Einheit ab, in der sich die evangelischen Kirchen der Reformation wechselseitig die volle Kirchengemeinschaft zugestehen. F\u00fcr den Kurienkardinal war nicht ersichtlich, wie die Zielvorstellung einer Gemeinschaft von selbstst\u00e4ndigen Kirchen mit unterschiedlichen Bekenntnissen \u00abmit dem biblischen Bild der Kirche als des einen Leibes Christi vers\u00f6hnt werden k\u00f6nnte\u00bb.<\/p>\n<p>\nIm Mittelpunkt der Fr\u00fchjahrstagung stand die sogenannte \u00abLeuenberger Konkordie\u00bb, die vor 50 Jahren in Leuenberg bei Basel verabschiedet wurde. Sie begr\u00fcndete im M\u00e4rz 1973 die Kirchengemeinschaft zwischen den lutherischen, reformierten und den aus ihnen hervorgegangenen unierten Kirchen in Europa sowie den ihnen verwandten vorreformatorischen Kirchen der Waldenser und der B\u00f6hmischen Br\u00fcder.<\/p>\n<p>\nDer hannoversche Landesbischof Ralf Meister betonte bei der Tagung bleibende Bedeutung der Leuenberger Konkordie f\u00fcr den Protestantismus und dar\u00fcber hinaus, weil sie die \u00abEinheit in vers\u00f6hnter Verschiedenheit\u00bb erlaube und die Besonderheit des Christentums widerspiegele. \u00ab\u00d6kumene bedeutet f\u00fcr uns in erster Linie Einigkeit und nicht Einheit\u00bb, sagte Meister als Leitender Bischof der VELKD.<\/p>\n<p>\nDer schaumburg-lippische Landesbischof Karl-Hinrich Manzke aus B\u00fcckeburg w\u00fcrdigte die Offenheit im \u00f6kumenischen Gespr\u00e4ch, auch wenn es um schwierige Themen gehe. Das zeige, \u00abwie belastbar das vertrauensvolle Verh\u00e4ltnis von Lutheranern und r\u00f6mischen Katholiken\u00bb sei. Manzke ist Catholica-Beauftragter der VELKD. Zum Abschluss predigte Kardinal Koch in einem Gottesdienst in der Klosterkirche.<\/p>\n<p>\nDie VELKD ist ein Zusammenschluss von sieben Landeskirchen mit insgesamt \u00fcber acht Millionen Mitgliedern. Das 1163 gegr\u00fcndete ehemalige Zisterzienserkloster Loccum wechselte um das Jahr 1600 vom katholischen zum evangelischen Glauben. Heute werden dort angehende Pastorinnen und Pastoren ausgebildet.<\/p>\n<p>Kirche-Oldenburg<br \/>\n<a href=\"https:\/\/www.kirche-oldenburg.de\/\/aktuell\/news-niedersachsen\/artikel\/kurienkardinal-koch-kirchen-sollen-um-einheit-aller-christen-ringen\" target=\"_blank\" rel=\"noopener\">Kurienkardinal Koch: Kirchen sollen um Einheit aller Christen ringen<\/a><\/p>\n","protected":false},"excerpt":{"rendered":"<p>Loccum\/Kr. Nienburg (epd). Der \u00ab\u00d6kumene-Minister\u00bb des Vatikan, Kurienkardinal Kurt Koch, hat die Kirchen dazu aufgerufen, um die \u00abEinheit aller Christen in der einen Kirche\u00bb zu ringen. Koch (72) war am Montag zu Gast im evangelischen Kloster Loccum in Niedersachsen. Der h\u00f6chste \u00d6kumene-Repr\u00e4sentant der r\u00f6misch-katholischen Kirche traf sich dort zu Gespr\u00e4chen mit lutherischen Bisch\u00f6finnen und Bisch\u00f6fen. Diese hatten ihn zur Fr\u00fchjahrstagung der Vereinigten Evangelisch-Lutherischen Kirche Deutschlands (VELKD) eingeladen. Bei dem Treffen wurden nach VELKD-Angaben unterschiedliche Vorstellungen von Einheit deutlich. Aus katholischer Sicht sei die Einheit nur als kombinierte \u00abBekenntnis- und Kirchengemeinschaft\u00bb denkbar, sagte der Schweizer Theologe Koch, der seit 2010 Pr\u00e4sident&#8230;<\/p>\n","protected":false},"author":7,"featured_media":0,"comment_status":"false","ping_status":"open","sticky":false,"template":"","format":"standard","meta":{"footnotes":""},"categories":[43],"tags":[44],"class_list":["post-23596","post","type-post","status-publish","format-standard","hentry","category-kirche-oldenburg","tag-kirche-oldenburg"],"_links":{"self":[{"href":"https:\/\/christusnews.de\/site\/wp-json\/wp\/v2\/posts\/23596","targetHints":{"allow":["GET"]}}],"collection":[{"href":"https:\/\/christusnews.de\/site\/wp-json\/wp\/v2\/posts"}],"about":[{"href":"https:\/\/christusnews.de\/site\/wp-json\/wp\/v2\/types\/post"}],"author":[{"embeddable":true,"href":"https:\/\/christusnews.de\/site\/wp-json\/wp\/v2\/users\/7"}],"replies":[{"embeddable":true,"href":"https:\/\/christusnews.de\/site\/wp-json\/wp\/v2\/comments?post=23596"}],"version-history":[{"count":1,"href":"https:\/\/christusnews.de\/site\/wp-json\/wp\/v2\/posts\/23596\/revisions"}],"predecessor-version":[{"id":23597,"href":"https:\/\/christusnews.de\/site\/wp-json\/wp\/v2\/posts\/23596\/revisions\/23597"}],"wp:attachment":[{"href":"https:\/\/christusnews.de\/site\/wp-json\/wp\/v2\/media?parent=23596"}],"wp:term":[{"taxonomy":"category","embeddable":true,"href":"https:\/\/christusnews.de\/site\/wp-json\/wp\/v2\/categories?post=23596"},{"taxonomy":"post_tag","embeddable":true,"href":"https:\/\/christusnews.de\/site\/wp-json\/wp\/v2\/tags?post=23596"}],"curies":[{"name":"wp","href":"https:\/\/api.w.org\/{rel}","templated":true}]}}