{"id":23626,"date":"2023-03-20T09:00:00","date_gmt":"2023-03-20T08:00:00","guid":{"rendered":"https:\/\/christusnews.de\/site\/?p=23626"},"modified":"2023-03-18T21:03:55","modified_gmt":"2023-03-18T20:03:55","slug":"laetare","status":"publish","type":"post","link":"https:\/\/christusnews.de\/site\/laetare\/","title":{"rendered":"L\u00e4tare"},"content":{"rendered":"\n<p>Kleines Osterfest \u2013 das haben wir gestern gefeiert. Der gestrige Sonntag tr\u00e4gt den wundersch\u00f6nen lateinischen Namen L\u00e4tare: Freue dich! Die H\u00e4lfte der dunklen Passionszeit ist um. Das leuchtende Osterfest r\u00fcckt n\u00e4her. Und das ver\u00e4ndert den Blick und die Bilder auf die kommende Zeit. \u201eWenn das Weizenkorn in die Erde f\u00e4llt und erstirbt, bringt es viel Frucht.\u201c So erz\u00e4hlt es der Evangelist Johannes. Ein starkes Bild. Das Weizenkorn als Saatkorn im dunklen Boden l\u00f6st sich auf und w\u00e4chst zu neuer Frucht und einer bl\u00fchenden Getreide\u00e4hre. So ist es in der Natur: Tod und Leben gehen eine symbiotische Verbindung ein. Und in der Mitte der Passionszeit wird uns das bewusst.<\/p>\n\n\n\n<p>Mit Kindern kann man dieses beeindruckende Ph\u00e4nomen immer wieder sichtbar machen und gemeinsam erleben. Wenn man in den kommenden Tagen Kresse oder Weizen auf ein feuchtes St\u00fcck Watte oder in einen kleinen Blumentopf s\u00e4t, dann hat man Ostern einen kleinen gr\u00fcnen Garten. Die Zeit zwischen L\u00e4tare und Ostern entspricht genau der ersten Wachstumsphase vom Getreide. Jeden Tag schauen die Kleinen, ob sich im Beet schon was tut. Und wenn das erste gr\u00fcn sichtbar wird ist das ein Moment von gro\u00dfer Freude. Darum L\u00e4tare: Freue dich!&nbsp;<\/p>\n\n\n\n<p id=\"block-be793131-bff2-45d6-a0f8-599eb5712adb\"><\/p>\n\n\n\n<p><\/p>\n\n\n\n<blockquote class=\"wp-block-quote is-layout-flow wp-block-quote-is-layout-flow\">\n<p id=\"block-fb80a6b2-cb5c-4986-8baf-0eaeeaa95669\"><strong>Bernhard Busemann, Pastor der Christus- und Garnisonkirche Wilhelmshaven <\/strong><\/p>\n<cite><em>H\u00f6ren Sie diesen Beitrag bei Radio Jade:<\/em><br><a rel=\"noreferrer noopener\" href=\"http:\/\/www.radio-jade.de\/mediathek\/angedacht\/\" target=\"_blank\"><em>Alle Beitr\u00e4ge im \u00dcberblick | RADIO JADE<\/em><\/a><\/cite><\/blockquote>\n","protected":false},"excerpt":{"rendered":"<p>Kleines Osterfest \u2013 das haben wir gestern gefeiert. Der gestrige Sonntag tr\u00e4gt den wundersch\u00f6nen lateinischen Namen L\u00e4tare: Freue dich! Die H\u00e4lfte der dunklen Passionszeit ist um. Das leuchtende Osterfest r\u00fcckt n\u00e4her. Und das ver\u00e4ndert den Blick und die Bilder auf die kommende Zeit. \u201eWenn das Weizenkorn in die Erde f\u00e4llt und erstirbt, bringt es viel Frucht.\u201c So erz\u00e4hlt es der Evangelist Johannes. Ein starkes Bild. Das Weizenkorn als Saatkorn im dunklen Boden l\u00f6st sich auf und w\u00e4chst zu neuer Frucht und einer bl\u00fchenden Getreide\u00e4hre. So ist es in der Natur: Tod und Leben gehen eine symbiotische Verbindung ein. Und in&#8230;<\/p>\n","protected":false},"author":6,"featured_media":1171,"comment_status":"closed","ping_status":"open","sticky":false,"template":"","format":"standard","meta":{"footnotes":""},"categories":[5],"tags":[],"class_list":["post-23626","post","type-post","status-publish","format-standard","has-post-thumbnail","hentry","category-angedacht"],"_links":{"self":[{"href":"https:\/\/christusnews.de\/site\/wp-json\/wp\/v2\/posts\/23626","targetHints":{"allow":["GET"]}}],"collection":[{"href":"https:\/\/christusnews.de\/site\/wp-json\/wp\/v2\/posts"}],"about":[{"href":"https:\/\/christusnews.de\/site\/wp-json\/wp\/v2\/types\/post"}],"author":[{"embeddable":true,"href":"https:\/\/christusnews.de\/site\/wp-json\/wp\/v2\/users\/6"}],"replies":[{"embeddable":true,"href":"https:\/\/christusnews.de\/site\/wp-json\/wp\/v2\/comments?post=23626"}],"version-history":[{"count":1,"href":"https:\/\/christusnews.de\/site\/wp-json\/wp\/v2\/posts\/23626\/revisions"}],"predecessor-version":[{"id":23627,"href":"https:\/\/christusnews.de\/site\/wp-json\/wp\/v2\/posts\/23626\/revisions\/23627"}],"wp:featuredmedia":[{"embeddable":true,"href":"https:\/\/christusnews.de\/site\/wp-json\/wp\/v2\/media\/1171"}],"wp:attachment":[{"href":"https:\/\/christusnews.de\/site\/wp-json\/wp\/v2\/media?parent=23626"}],"wp:term":[{"taxonomy":"category","embeddable":true,"href":"https:\/\/christusnews.de\/site\/wp-json\/wp\/v2\/categories?post=23626"},{"taxonomy":"post_tag","embeddable":true,"href":"https:\/\/christusnews.de\/site\/wp-json\/wp\/v2\/tags?post=23626"}],"curies":[{"name":"wp","href":"https:\/\/api.w.org\/{rel}","templated":true}]}}