{"id":23628,"date":"2023-03-21T09:00:00","date_gmt":"2023-03-21T08:00:00","guid":{"rendered":"https:\/\/christusnews.de\/site\/?p=23628"},"modified":"2023-03-18T21:05:02","modified_gmt":"2023-03-18T20:05:02","slug":"fruehlingsanfang","status":"publish","type":"post","link":"https:\/\/christusnews.de\/site\/fruehlingsanfang\/","title":{"rendered":"Fr\u00fchlingsanfang"},"content":{"rendered":"\n<p>\u00c4quinoktium. Das ist keine Krankheit oder ein neuer Spieler bei Werder Bremen, sondern die Fachbezeichnung f\u00fcr den heutigen Tag. \u00c4quinoktium bedeutet: Tag und Nacht Gleiche. Heute ist Fr\u00fchlingsanfang. Hurra! Der Tag und die Nacht sind astronomisch betrachtet gleich lang. Die bedeutende Sonnenwende im Fr\u00fchling. Auf der Nordhalbkugel der Erde d\u00fcrfen wir uns freuen auf die kommenden Tage, die immer l\u00e4nger werden und noch mehr Licht bringen. Und Sonnenlicht bedeutet Wachstum und Gr\u00fcn und Fr\u00fchlings- oder Sommerfarben. Ich kann erahnen, wie intensiv die Menschen vor 500 oder 1000 Jahren diesen Tag gefeiert haben. Wenn der lange, kalte und dunkle Winter sich endlich zur\u00fcckzieht und man das Licht der Sonne wieder warm auf der Haut sp\u00fcrt. Wenn die Lebensmittelvorr\u00e4te nach dem Winter fast zur Neige gegangen sind und man endlich wieder die \u00c4cker neu bestellen kann und sich auf frisches, vitaminreiches Gem\u00fcse und Obst freuen kann. Das \u00c4quinoktium, die Tag und Nachtgleiche ist ein gro\u00dfer Festtag. Immer wenn Licht ins Leben scheint, ist das ein Grund zu feiern und dankbar zu sein. Das wusste schon Jesus vor 2000 Jahren, als er gesagt hat: Ich bin das Licht der Welt. Wer mir nachfolgt wird nicht in Finsternis wandeln. Eine ganz helle Zusage. Darum: Prost! Feiern wir heute das \u00c4quinoktium. Es ist Zeit f\u00fcr Fr\u00fchlingsgef\u00fchle und ein bisschen Lichtertanz im Herzen.<\/p>\n\n\n\n<p><\/p>\n\n\n\n<p> <blockquote class=\"wp-block-quote\"><strong style=\"font-size: revert;\">Bernhard Busemann, Pastor der Christus- und Garnisonkirche Wilhelmshaven <\/strong> <cite><em>H\u00f6ren Sie diesen Beitrag bei Radio Jade:<\/em><br><a rel=\"noreferrer noopener\" href=\"http:\/\/www.radio-jade.de\/mediathek\/angedacht\/\" target=\"_blank\"><em>Alle Beitr\u00e4ge im \u00dcberblick | RADIO JADE<\/em><\/a><\/cite><\/blockquote> <\/p>\n","protected":false},"excerpt":{"rendered":"<p>\u00c4quinoktium. Das ist keine Krankheit oder ein neuer Spieler bei Werder Bremen, sondern die Fachbezeichnung f\u00fcr den heutigen Tag. \u00c4quinoktium bedeutet: Tag und Nacht Gleiche. Heute ist Fr\u00fchlingsanfang. Hurra! Der Tag und die Nacht sind astronomisch betrachtet gleich lang. Die bedeutende Sonnenwende im Fr\u00fchling. Auf der Nordhalbkugel der Erde d\u00fcrfen wir uns freuen auf die kommenden Tage, die immer l\u00e4nger werden und noch mehr Licht bringen. Und Sonnenlicht bedeutet Wachstum und Gr\u00fcn und Fr\u00fchlings- oder Sommerfarben. Ich kann erahnen, wie intensiv die Menschen vor 500 oder 1000 Jahren diesen Tag gefeiert haben. Wenn der lange, kalte und dunkle Winter sich&#8230;<\/p>\n","protected":false},"author":6,"featured_media":1171,"comment_status":"closed","ping_status":"open","sticky":false,"template":"","format":"standard","meta":{"footnotes":""},"categories":[5],"tags":[],"class_list":["post-23628","post","type-post","status-publish","format-standard","has-post-thumbnail","hentry","category-angedacht"],"_links":{"self":[{"href":"https:\/\/christusnews.de\/site\/wp-json\/wp\/v2\/posts\/23628","targetHints":{"allow":["GET"]}}],"collection":[{"href":"https:\/\/christusnews.de\/site\/wp-json\/wp\/v2\/posts"}],"about":[{"href":"https:\/\/christusnews.de\/site\/wp-json\/wp\/v2\/types\/post"}],"author":[{"embeddable":true,"href":"https:\/\/christusnews.de\/site\/wp-json\/wp\/v2\/users\/6"}],"replies":[{"embeddable":true,"href":"https:\/\/christusnews.de\/site\/wp-json\/wp\/v2\/comments?post=23628"}],"version-history":[{"count":1,"href":"https:\/\/christusnews.de\/site\/wp-json\/wp\/v2\/posts\/23628\/revisions"}],"predecessor-version":[{"id":23629,"href":"https:\/\/christusnews.de\/site\/wp-json\/wp\/v2\/posts\/23628\/revisions\/23629"}],"wp:featuredmedia":[{"embeddable":true,"href":"https:\/\/christusnews.de\/site\/wp-json\/wp\/v2\/media\/1171"}],"wp:attachment":[{"href":"https:\/\/christusnews.de\/site\/wp-json\/wp\/v2\/media?parent=23628"}],"wp:term":[{"taxonomy":"category","embeddable":true,"href":"https:\/\/christusnews.de\/site\/wp-json\/wp\/v2\/categories?post=23628"},{"taxonomy":"post_tag","embeddable":true,"href":"https:\/\/christusnews.de\/site\/wp-json\/wp\/v2\/tags?post=23628"}],"curies":[{"name":"wp","href":"https:\/\/api.w.org\/{rel}","templated":true}]}}