{"id":23638,"date":"2023-03-18T14:13:30","date_gmt":"2023-03-18T13:13:30","guid":{"rendered":"https:\/\/christusnews.de\/site\/vor-125-jahren-und-5-monaten-begann-die-geschichte-des-friedas-frieden-stiftes\/"},"modified":"2023-03-18T22:17:42","modified_gmt":"2023-03-18T21:17:42","slug":"vor-125-jahren-und-5-monaten-begann-die-geschichte-des-friedas-frieden-stiftes","status":"publish","type":"post","link":"https:\/\/christusnews.de\/site\/vor-125-jahren-und-5-monaten-begann-die-geschichte-des-friedas-frieden-stiftes\/","title":{"rendered":"Vor 125 Jahren und 5 Monaten begann die Geschichte des Friedas-Frieden-Stiftes"},"content":{"rendered":"<p>Vor 125 Jahren und 5 Monaten begann ganz offiziell die Geschichte des Stiftes Fridas-Frieden, daran erinnerte Bischof Thomas Adomeit in seiner Festpredigt zum 125. Jahresfest des Friedas-Frieden-Stifts in der St. Lamberti-Kirche. Bischof Adomeit blickte dabei nicht nur zur\u00fcck auf die Entstehung der traditionsreichen Pflegeeinrichtung. Er warf auch einen Blick in die Zukunft. \u201eDenn nach den 125 bzw. 126 Jahren liegen neue Jahre, irgendwann 50, 100 und vielleicht erneut 125 Jahre. In dieser Perspektive \u201enach vorne\u201c m\u00f6chte ich an dieser Stelle allen Pflegekr\u00e4ften, der Leitung, der Pflegedienstleitung, dem Vorstand, dem Diakonischen Werk, der Kirchengemeinde Oldenburg und allen, ja allen Mitarbeitenden im Haus meinen Dank und Respekt f\u00fcr Ihre Arbeit zum Ausdruck bringen.\u201c<br \/>\n&nbsp; &nbsp;<br \/>\nAuch Oberb\u00fcrgermeister J\u00fcrgen Krogmann stellte in seinem Gru\u00dfwort die Mitarbeitenden der Einrichtung und die Ehrenamtlichen, die dort t\u00e4tig sind in den Vordergrund. Altenpfleger seien \u201ewichtige Bezugs- und Vertrauenspersonen\u201c und sorgten f\u00fcr ein w\u00fcrdevolles Leben der Pflegebed\u00fcrftigen.<br \/>\n&nbsp; &nbsp;<br \/>\nEinrichtungsleiterin Petra Schumann fehlte krankheitsbeding. Rita Szaszi, Vorsitzende des Vereins Oldenburgisches Diakonissenhaus Elisabethstift, freute sich dar\u00fcber, dass &nbsp;so viele Besucher \u2013 darunter viele Bewohnerinnen und Bewohner- in die St. Lamberti-Kirche gekommen waren, um das 125. Jahresfest mit dem Festgottesdienst zu feiern. Erinnert wird damit an die Gr\u00fcndung der Stiftung Friedas-Frieden. Diese wurde von dem Berliner Bankdirektor Wilhelm Schultz und seiner Ehefrau Friederike, geb. Schauenburg \u2013 einer Oldenburgerin aus der Sch\u00fcttingstra\u00dfe \u2013 errichtet. Der Name \u201eFriedas Frieden\u201c galt wohl der ein Jahr zuvor verstorbenen Stiefmutter Schauenburg, die ebenfalls den Vornamen Friederike trug. Doch auch die Stifterin Friederike Schulz selbst verstarb kurz darauf und so war mit dem Namen \u201eFriedas Frieden\u201c nun besondere Trauer und doppelte Erinnerungen verbunden. 300.000 Goldmark stellte das Stifterpaar f\u00fcr die Errichtung eines Siechenhauses zur Verf\u00fcgung. &nbsp;Nachdem bereits 1897 die Stiftung durch Genehmigung des Oldenburgischen Staatsministeriums errichtet wurde, konnte am 2. Januar 1901 das Altenpflegeheim Friedas-Frieden am Philosophenweg feierlich eingeweiht werden. 19 Bewohnerinnen zogen in das neue Geb\u00e4ude ein. Betreut wurden sie von Diakonissen des Elisabethstifts. Heute bietet die Einrichtung auf vier Stockwerken in Einzel- und Doppelzimmern Platz f\u00fcr 119 Frauen und M\u00e4nner. 100 Mitarbeitende betreuen die Bewohner.<br \/>\n<em>Kerstin Kempermann<\/em><\/p>\n<p>Kirche-Oldenburg<br \/>\n<a href=\"https:\/\/www.kirche-oldenburg.de\/\/aktuell\/pressemitteilungen\/artikel\/vor-125-jahren-und-5-monaten-begann-die-geschichte-des-friedas-frieden-stiftes\" target=\"_blank\" rel=\"noopener\">Vor 125 Jahren und 5 Monaten begann die Geschichte des Friedas-Frieden-Stiftes<\/a><\/p>\n","protected":false},"excerpt":{"rendered":"<p>Vor 125 Jahren und 5 Monaten begann ganz offiziell die Geschichte des Stiftes Fridas-Frieden, daran erinnerte Bischof Thomas Adomeit in seiner Festpredigt zum 125. Jahresfest des Friedas-Frieden-Stifts in der St. Lamberti-Kirche. Bischof Adomeit blickte dabei nicht nur zur\u00fcck auf die Entstehung der traditionsreichen Pflegeeinrichtung. Er warf auch einen Blick in die Zukunft. \u201eDenn nach den 125 bzw. 126 Jahren liegen neue Jahre, irgendwann 50, 100 und vielleicht erneut 125 Jahre. In dieser Perspektive \u201enach vorne\u201c m\u00f6chte ich an dieser Stelle allen Pflegekr\u00e4ften, der Leitung, der Pflegedienstleitung, dem Vorstand, dem Diakonischen Werk, der Kirchengemeinde Oldenburg und allen, ja allen Mitarbeitenden im&#8230;<\/p>\n","protected":false},"author":7,"featured_media":0,"comment_status":"false","ping_status":"open","sticky":false,"template":"","format":"standard","meta":{"footnotes":""},"categories":[43],"tags":[44],"class_list":["post-23638","post","type-post","status-publish","format-standard","hentry","category-kirche-oldenburg","tag-kirche-oldenburg"],"_links":{"self":[{"href":"https:\/\/christusnews.de\/site\/wp-json\/wp\/v2\/posts\/23638","targetHints":{"allow":["GET"]}}],"collection":[{"href":"https:\/\/christusnews.de\/site\/wp-json\/wp\/v2\/posts"}],"about":[{"href":"https:\/\/christusnews.de\/site\/wp-json\/wp\/v2\/types\/post"}],"author":[{"embeddable":true,"href":"https:\/\/christusnews.de\/site\/wp-json\/wp\/v2\/users\/7"}],"replies":[{"embeddable":true,"href":"https:\/\/christusnews.de\/site\/wp-json\/wp\/v2\/comments?post=23638"}],"version-history":[{"count":1,"href":"https:\/\/christusnews.de\/site\/wp-json\/wp\/v2\/posts\/23638\/revisions"}],"predecessor-version":[{"id":23639,"href":"https:\/\/christusnews.de\/site\/wp-json\/wp\/v2\/posts\/23638\/revisions\/23639"}],"wp:attachment":[{"href":"https:\/\/christusnews.de\/site\/wp-json\/wp\/v2\/media?parent=23638"}],"wp:term":[{"taxonomy":"category","embeddable":true,"href":"https:\/\/christusnews.de\/site\/wp-json\/wp\/v2\/categories?post=23638"},{"taxonomy":"post_tag","embeddable":true,"href":"https:\/\/christusnews.de\/site\/wp-json\/wp\/v2\/tags?post=23638"}],"curies":[{"name":"wp","href":"https:\/\/api.w.org\/{rel}","templated":true}]}}