{"id":23644,"date":"2023-03-17T22:02:00","date_gmt":"2023-03-17T21:02:00","guid":{"rendered":"https:\/\/christusnews.de\/site\/wissenschaftlerin-fordert-mehr-unterstuetzung-fuer-pflegeberufe\/"},"modified":"2023-03-19T22:17:29","modified_gmt":"2023-03-19T21:17:29","slug":"wissenschaftlerin-fordert-mehr-unterstuetzung-fuer-pflegeberufe","status":"publish","type":"post","link":"https:\/\/christusnews.de\/site\/wissenschaftlerin-fordert-mehr-unterstuetzung-fuer-pflegeberufe\/","title":{"rendered":"Wissenschaftlerin fordert mehr Unterst\u00fctzung f\u00fcr Pflegeberufe"},"content":{"rendered":"<p class=\"MsoPlainText\">Oldenburg\/G\u00f6ttingen (epd). Die Oldenburger Pflege- und Rehabilitationswissenschaftlerin Martina Hasseler hat mehr Unterst\u00fctzung f\u00fcr die Pflegeberufe gefordert. \u00abSie m\u00fcssen politisch und im Sozialrecht ganz anders gef\u00f6rdert werden, wenn man sie erhalten will\u00bb, erkl\u00e4rte Hasseler. Die Professorin und Vorst\u00e4ndin des Sozialverbandes Deutschland (SoVD) im Kreisverband Oldenburg-Delmenhorst wurde am Freitag in die nieders\u00e4chsische Ethikkommission berufen, die f\u00fcr Pflegeberufe zust\u00e4ndig ist.<\/p>\n<p class=\"MsoPlainText\">&nbsp;<\/p>\n<p class=\"MsoPlainText\">Mehr Unterst\u00fctzung sei auch n\u00f6tig, \u00abwenn man den Menschen in Deutschland die Chancen erhalten m\u00f6chte, dass sie in Zukunft auch fachpflegerisch versorgt werden\u00bb, bekr\u00e4ftigte Hasseler. Die Situation in der Pflege werde angesichts explodierender Kosten immer beunruhigender und f\u00fchre in Grenzbereiche: \u00abWir d\u00fcrfen die Menschen in Heimen nicht vergessen, nur weil wir sie nicht im Stra\u00dfenbild sehen.\u00bb W\u00fcrde m\u00fcsse in der Pflege selbstverst\u00e4ndlich sein.<\/p>\n<p class=\"MsoPlainText\">&nbsp;<\/p>\n<p class=\"MsoPlainText\">Die Ethikkommission kam am Freitag zu ihrer konstituierenden Sitzung in G\u00f6ttingen zusammen. \u00abPflegende sind immer h\u00e4ufiger mit ethischen Fragen konfrontiert\u00bb, sagte Hasseler. Die Kommission k\u00f6nne sie durch Grenzsituationen navigieren, die ihnen zutiefst humane Entscheidungen abverlangten.<\/p>\n<p class=\"MsoPlainText\">&nbsp;<\/p>\n<p class=\"MsoPlainText\">Die Ethikkommission hat 17 Mitglieder, die vom Sozialministerium auf Vorschlag von Berufs- und Fachverb\u00e4nden berufen werden. Vertreten sind den Angaben zufolge Pflegepraxis, Pflegewissenschaft, Philosophie, Theologie, Rechtswissenschaften und Gesundheits\u00f6konomie sowie Menschen mit Pflegebedarf oder Behinderung und deren Angeh\u00f6rige.<\/p>\n<p>Kirche-Oldenburg<br \/>\n<a href=\"https:\/\/www.kirche-oldenburg.de\/\/aktuell\/news-niedersachsen\/artikel\/wissenschaftlerin-fordert-mehr-unterstuetzung-fuer-pflegeberufe\" target=\"_blank\" rel=\"noopener\">Wissenschaftlerin fordert mehr Unterst\u00fctzung f\u00fcr Pflegeberufe<\/a><\/p>\n","protected":false},"excerpt":{"rendered":"<p>Oldenburg\/G\u00f6ttingen (epd). Die Oldenburger Pflege- und Rehabilitationswissenschaftlerin Martina Hasseler hat mehr Unterst\u00fctzung f\u00fcr die Pflegeberufe gefordert. \u00abSie m\u00fcssen politisch und im Sozialrecht ganz anders gef\u00f6rdert werden, wenn man sie erhalten will\u00bb, erkl\u00e4rte Hasseler. Die Professorin und Vorst\u00e4ndin des Sozialverbandes Deutschland (SoVD) im Kreisverband Oldenburg-Delmenhorst wurde am Freitag in die nieders\u00e4chsische Ethikkommission berufen, die f\u00fcr Pflegeberufe zust\u00e4ndig ist. &nbsp; Mehr Unterst\u00fctzung sei auch n\u00f6tig, \u00abwenn man den Menschen in Deutschland die Chancen erhalten m\u00f6chte, dass sie in Zukunft auch fachpflegerisch versorgt werden\u00bb, bekr\u00e4ftigte Hasseler. Die Situation in der Pflege werde angesichts explodierender Kosten immer beunruhigender und f\u00fchre in Grenzbereiche: \u00abWir d\u00fcrfen&#8230;<\/p>\n","protected":false},"author":7,"featured_media":0,"comment_status":"false","ping_status":"open","sticky":false,"template":"","format":"standard","meta":{"footnotes":""},"categories":[43],"tags":[44],"class_list":["post-23644","post","type-post","status-publish","format-standard","hentry","category-kirche-oldenburg","tag-kirche-oldenburg"],"_links":{"self":[{"href":"https:\/\/christusnews.de\/site\/wp-json\/wp\/v2\/posts\/23644","targetHints":{"allow":["GET"]}}],"collection":[{"href":"https:\/\/christusnews.de\/site\/wp-json\/wp\/v2\/posts"}],"about":[{"href":"https:\/\/christusnews.de\/site\/wp-json\/wp\/v2\/types\/post"}],"author":[{"embeddable":true,"href":"https:\/\/christusnews.de\/site\/wp-json\/wp\/v2\/users\/7"}],"replies":[{"embeddable":true,"href":"https:\/\/christusnews.de\/site\/wp-json\/wp\/v2\/comments?post=23644"}],"version-history":[{"count":1,"href":"https:\/\/christusnews.de\/site\/wp-json\/wp\/v2\/posts\/23644\/revisions"}],"predecessor-version":[{"id":23645,"href":"https:\/\/christusnews.de\/site\/wp-json\/wp\/v2\/posts\/23644\/revisions\/23645"}],"wp:attachment":[{"href":"https:\/\/christusnews.de\/site\/wp-json\/wp\/v2\/media?parent=23644"}],"wp:term":[{"taxonomy":"category","embeddable":true,"href":"https:\/\/christusnews.de\/site\/wp-json\/wp\/v2\/categories?post=23644"},{"taxonomy":"post_tag","embeddable":true,"href":"https:\/\/christusnews.de\/site\/wp-json\/wp\/v2\/tags?post=23644"}],"curies":[{"name":"wp","href":"https:\/\/api.w.org\/{rel}","templated":true}]}}