{"id":23650,"date":"2023-03-19T22:08:40","date_gmt":"2023-03-19T21:08:40","guid":{"rendered":"https:\/\/christusnews.de\/site\/evangelische-kirchen-gratulieren-neuer-gruenen-landesspitze\/"},"modified":"2023-03-20T10:17:50","modified_gmt":"2023-03-20T09:17:50","slug":"evangelische-kirchen-gratulieren-neuer-gruenen-landesspitze","status":"publish","type":"post","link":"https:\/\/christusnews.de\/site\/evangelische-kirchen-gratulieren-neuer-gruenen-landesspitze\/","title":{"rendered":"Evangelische Kirchen gratulieren neuer Gr\u00fcnen-Landesspitze"},"content":{"rendered":"<p class=\"MsoPlainText\">Hannover (epd). Der Ratsvorsitzende der Konf\u00f6deration evangelischer Kirchen in Niedersachsen, der Oldenburger Bischof Thomas Adomeit, hat den neuen Landesvorsitzenden der nieders\u00e4chsischen Gr\u00fcnen zu ihrer Wahl gratuliert. \u00abIn ihren Bewerbungsreden haben Greta Garlichs und Alaa Alhamwi mit dem konsequenten Einsatz gegen den Klimawandel und dem Kampf gegen jede Form von Rassismus und Diskriminierung zwei Themen &#8211; neben anderen &#8211; benannt, die auch f\u00fcr uns als Kirche zentral sind\u00bb, betonte Adomeit am Sonntag. \u00abF\u00fcr ihre neuen \u00c4mter w\u00fcnsche ich ihnen Mut, Zuversicht und Gottes Segen.\u00bb<\/p>\n<p class=\"MsoPlainText\">&nbsp;<\/p>\n<p class=\"MsoPlainText\">Greta Garlichs (26) aus Hannover und Alaa Alhamwi (38) aus Oldenburg waren am Sonnabend beim Parteitag der nieders\u00e4chsischen Gr\u00fcnen in Celle an die Parteispitze gew\u00e4hlt worden. Die rund 220 Delegierten votierten mit 89 Prozent der Stimmen f\u00fcr Garlichs. Alhamwi erhielt rund 78 Prozent der Stimmen.<\/p>\n<p class=\"MsoPlainText\">&nbsp;<\/p>\n<p class=\"MsoPlainText\">Garlichs sagte nach ihrer Wahlsieg: \u00abKlimakrise, Artensterben, schwindender R\u00fcckhalt in die Demokratie: Wir k\u00f6nnen so nicht weitermachen, es muss sich etwas \u00e4ndern\u00bb. Sie wolle eine starke Stimme f\u00fcr gesellschaftliche Vielfalt sein und dazu beitragen, das Vertrauen der Menschen in eine verl\u00e4ssliche Politik zu erneuern.<\/p>\n<p class=\"MsoPlainText\">&nbsp;<\/p>\n<p class=\"MsoPlainText\">Garlichs Co-Vorsitzender Alhamwi betonte, er wolle f\u00fcr einen raschen Ausbau der erneuerbaren Energien und eine offene Gesellschaft ohne Rassismus eintreten. Die Rolle der beiden Landesvorsitzenden bestehe auch darin, \u00abauch als Regierungspartei darauf zu achten, unsere gr\u00fcnen Werte mutig und deutlich zu vertreten\u00bb.<\/p>\n<p class=\"MsoPlainText\">&nbsp;<\/p>\n<p>Kirche-Oldenburg<br \/>\n<a href=\"https:\/\/www.kirche-oldenburg.de\/\/aktuell\/news-niedersachsen\/artikel\/evangelische-kirchen-gratulieren-neuer-gruenen-landesspitze\" target=\"_blank\" rel=\"noopener\">Evangelische Kirchen gratulieren neuer Gr\u00fcnen-Landesspitze<\/a><\/p>\n","protected":false},"excerpt":{"rendered":"<p>Hannover (epd). Der Ratsvorsitzende der Konf\u00f6deration evangelischer Kirchen in Niedersachsen, der Oldenburger Bischof Thomas Adomeit, hat den neuen Landesvorsitzenden der nieders\u00e4chsischen Gr\u00fcnen zu ihrer Wahl gratuliert. \u00abIn ihren Bewerbungsreden haben Greta Garlichs und Alaa Alhamwi mit dem konsequenten Einsatz gegen den Klimawandel und dem Kampf gegen jede Form von Rassismus und Diskriminierung zwei Themen &#8211; neben anderen &#8211; benannt, die auch f\u00fcr uns als Kirche zentral sind\u00bb, betonte Adomeit am Sonntag. \u00abF\u00fcr ihre neuen \u00c4mter w\u00fcnsche ich ihnen Mut, Zuversicht und Gottes Segen.\u00bb &nbsp; Greta Garlichs (26) aus Hannover und Alaa Alhamwi (38) aus Oldenburg waren am Sonnabend beim Parteitag&#8230;<\/p>\n","protected":false},"author":7,"featured_media":0,"comment_status":"false","ping_status":"open","sticky":false,"template":"","format":"standard","meta":{"footnotes":""},"categories":[43],"tags":[44],"class_list":["post-23650","post","type-post","status-publish","format-standard","hentry","category-kirche-oldenburg","tag-kirche-oldenburg"],"_links":{"self":[{"href":"https:\/\/christusnews.de\/site\/wp-json\/wp\/v2\/posts\/23650","targetHints":{"allow":["GET"]}}],"collection":[{"href":"https:\/\/christusnews.de\/site\/wp-json\/wp\/v2\/posts"}],"about":[{"href":"https:\/\/christusnews.de\/site\/wp-json\/wp\/v2\/types\/post"}],"author":[{"embeddable":true,"href":"https:\/\/christusnews.de\/site\/wp-json\/wp\/v2\/users\/7"}],"replies":[{"embeddable":true,"href":"https:\/\/christusnews.de\/site\/wp-json\/wp\/v2\/comments?post=23650"}],"version-history":[{"count":1,"href":"https:\/\/christusnews.de\/site\/wp-json\/wp\/v2\/posts\/23650\/revisions"}],"predecessor-version":[{"id":23651,"href":"https:\/\/christusnews.de\/site\/wp-json\/wp\/v2\/posts\/23650\/revisions\/23651"}],"wp:attachment":[{"href":"https:\/\/christusnews.de\/site\/wp-json\/wp\/v2\/media?parent=23650"}],"wp:term":[{"taxonomy":"category","embeddable":true,"href":"https:\/\/christusnews.de\/site\/wp-json\/wp\/v2\/categories?post=23650"},{"taxonomy":"post_tag","embeddable":true,"href":"https:\/\/christusnews.de\/site\/wp-json\/wp\/v2\/tags?post=23650"}],"curies":[{"name":"wp","href":"https:\/\/api.w.org\/{rel}","templated":true}]}}