{"id":23652,"date":"2023-03-19T22:07:00","date_gmt":"2023-03-19T21:07:00","guid":{"rendered":"https:\/\/christusnews.de\/site\/behrens-gesellschaftliche-debatte-um-gefluechtete-wird-schwieriger\/"},"modified":"2023-03-20T10:17:51","modified_gmt":"2023-03-20T09:17:51","slug":"behrens-gesellschaftliche-debatte-um-gefluechtete-wird-schwieriger","status":"publish","type":"post","link":"https:\/\/christusnews.de\/site\/behrens-gesellschaftliche-debatte-um-gefluechtete-wird-schwieriger\/","title":{"rendered":"Behrens: Gesellschaftliche Debatte um Gefl\u00fcchtete wird schwieriger"},"content":{"rendered":"<p class=\"MsoPlainText\">Hannover (epd). Niedersachsens Sozialministerin Daniela Behrens (SPD) hat davor gewarnt, dass die Fl\u00fcchtlingssituation in Deutschland gesellschaftliche Spannungen nach sich ziehen k\u00f6nnte. \u00abWir bef\u00fcrchten, dass wir mittelfristig an einen Punkt kommen k\u00f6nnten, wo die gesellschaftliche Akzeptanz gef\u00e4hrdet wird\u00bb, sagte Behrens der \u00abHannoverschen Allgemeinen Zeitung\u00bb (Sonnabend).<\/p>\n<p class=\"MsoPlainText\">&nbsp;<\/p>\n<p class=\"MsoPlainText\">Niedersachsen habe im vergangenen Jahr rund 110.000 Kriegsvertriebene aus der Ukraine aufgenommen. Dar\u00fcber hinaus habe das Land mehr als 20.000 Asylbewerberinnen und -bewerbern Schutz geboten. \u00abWir haben das bisher alles sehr gut organisiert und in enger Kooperation von Land und Kommunen hinbekommen\u00bb, unterstrich Behrens. Das werde auch so bleiben, \u00ababer wir merken an den Diskussionen vor Ort, dass die gesellschaftliche Debatte schwieriger wird\u00bb.<\/p>\n<p class=\"MsoPlainText\">&nbsp;<\/p>\n<p class=\"MsoPlainText\">Behrens forderte den Bund und EU zum Handeln auf. Gefl\u00fcchtete m\u00fcssten fairer auf die einzelnen EU-Staaten verteilt werden. Zudem m\u00fcsse im Rahmen von R\u00fccknahmeabkommen daf\u00fcr gesorgt werden, dass Menschen, die die Asylgr\u00fcnde nicht erf\u00fcllen, zur\u00fcckf\u00fchrt werden k\u00f6nnen.<\/p>\n<p class=\"MsoPlainText\">&nbsp;<\/p>\n<p class=\"MsoPlainText\">Derzeit lebten in Niedersachsen viele Menschen mit abgelehnten Asylantr\u00e4gen, die aufgrund fehlender P\u00e4sse oder mangelnder Bereitschaft zur R\u00fccknahme durch die Herkunftsl\u00e4nder nicht abgeschoben werden k\u00f6nnten. \u00abDas Asylrecht ist ein hohes Gut in Deutschland, insbesondere auch aus unserer historischen Verantwortung heraus. Wenn es aber ausgeh\u00f6hlt wird, dann ist das ein Problem\u00bb, unterstrich Behrens.<\/p>\n<p>Kirche-Oldenburg<br \/>\n<a href=\"https:\/\/www.kirche-oldenburg.de\/\/aktuell\/news-niedersachsen\/artikel\/behrens-gesellschaftliche-debatte-um-gefluechtete-wird-schwieriger\" target=\"_blank\" rel=\"noopener\">Behrens: Gesellschaftliche Debatte um Gefl\u00fcchtete wird schwieriger<\/a><\/p>\n","protected":false},"excerpt":{"rendered":"<p>Hannover (epd). Niedersachsens Sozialministerin Daniela Behrens (SPD) hat davor gewarnt, dass die Fl\u00fcchtlingssituation in Deutschland gesellschaftliche Spannungen nach sich ziehen k\u00f6nnte. \u00abWir bef\u00fcrchten, dass wir mittelfristig an einen Punkt kommen k\u00f6nnten, wo die gesellschaftliche Akzeptanz gef\u00e4hrdet wird\u00bb, sagte Behrens der \u00abHannoverschen Allgemeinen Zeitung\u00bb (Sonnabend). &nbsp; Niedersachsen habe im vergangenen Jahr rund 110.000 Kriegsvertriebene aus der Ukraine aufgenommen. Dar\u00fcber hinaus habe das Land mehr als 20.000 Asylbewerberinnen und -bewerbern Schutz geboten. \u00abWir haben das bisher alles sehr gut organisiert und in enger Kooperation von Land und Kommunen hinbekommen\u00bb, unterstrich Behrens. Das werde auch so bleiben, \u00ababer wir merken an den Diskussionen&#8230;<\/p>\n","protected":false},"author":7,"featured_media":0,"comment_status":"false","ping_status":"open","sticky":false,"template":"","format":"standard","meta":{"footnotes":""},"categories":[43],"tags":[44],"class_list":["post-23652","post","type-post","status-publish","format-standard","hentry","category-kirche-oldenburg","tag-kirche-oldenburg"],"_links":{"self":[{"href":"https:\/\/christusnews.de\/site\/wp-json\/wp\/v2\/posts\/23652","targetHints":{"allow":["GET"]}}],"collection":[{"href":"https:\/\/christusnews.de\/site\/wp-json\/wp\/v2\/posts"}],"about":[{"href":"https:\/\/christusnews.de\/site\/wp-json\/wp\/v2\/types\/post"}],"author":[{"embeddable":true,"href":"https:\/\/christusnews.de\/site\/wp-json\/wp\/v2\/users\/7"}],"replies":[{"embeddable":true,"href":"https:\/\/christusnews.de\/site\/wp-json\/wp\/v2\/comments?post=23652"}],"version-history":[{"count":1,"href":"https:\/\/christusnews.de\/site\/wp-json\/wp\/v2\/posts\/23652\/revisions"}],"predecessor-version":[{"id":23653,"href":"https:\/\/christusnews.de\/site\/wp-json\/wp\/v2\/posts\/23652\/revisions\/23653"}],"wp:attachment":[{"href":"https:\/\/christusnews.de\/site\/wp-json\/wp\/v2\/media?parent=23652"}],"wp:term":[{"taxonomy":"category","embeddable":true,"href":"https:\/\/christusnews.de\/site\/wp-json\/wp\/v2\/categories?post=23652"},{"taxonomy":"post_tag","embeddable":true,"href":"https:\/\/christusnews.de\/site\/wp-json\/wp\/v2\/tags?post=23652"}],"curies":[{"name":"wp","href":"https:\/\/api.w.org\/{rel}","templated":true}]}}