{"id":23691,"date":"2023-03-21T07:00:00","date_gmt":"2023-03-21T06:00:00","guid":{"rendered":"https:\/\/christusnews.de\/site\/wir-sind-dabei\/"},"modified":"2023-03-21T10:17:50","modified_gmt":"2023-03-21T09:17:50","slug":"wir-sind-dabei","status":"publish","type":"post","link":"https:\/\/christusnews.de\/site\/wir-sind-dabei\/","title":{"rendered":"Wir sind dabei!"},"content":{"rendered":"<p>Im M\u00e4rz 2024 werden die Kirchen\u00e4ltesten in den Gemeinden der oldenburgischen Kirche neu gew\u00e4hlt. Damit die Wahl noch einfacher und flexibler wird, hat die Synode im November vergangenen Jahres ein neues Wahlgesetz verabschiedet. Neuerungen gibt es viele: Junge Menschen sollen verst\u00e4rkt eingebunden werden, alle k\u00f6nnen via Briefwahl oder online w\u00e4hlen. Die Gew\u00e4hlten k\u00f6nnen sich zun\u00e4chst auch nur f\u00fcr eine halbe Wahlperiode von drei Jahren engagieren \u2013 und dann nat\u00fcrlich verl\u00e4ngern.&nbsp;<br \/>\n&nbsp; &nbsp;<br \/>\nDie neue Ausgabe von \u201ehorizont E\u201c stellt einige Menschen vor, die sich bereits in ihren Kirchengemeinden engagieren. Wenn Menschen neue Ideen entwickeln oder ihr Wissen einbringen, ist das gro\u00dfartig. So wie Annegret Bischoff (S. 12), deren Initiative sich um verwilderte Gr\u00e4ber k\u00fcmmert oder wie Klaus Flaake, der sein Wissen als Ingenieur einbringt, um Kunstsch\u00e4tze in unseren Kirchen zu sch\u00fctzen und zugleich Energie zu sparen (ab S. 6) oder wie Ulla Niehus, die seit 47 Jahren Kontakt zu Gemeindegliedern pflegt (S. 7).&nbsp;<br \/>\n&nbsp; &nbsp;<br \/>\n\u201eMan bewegt so viel \u2013 und die Kirche gibt mir so viel zur\u00fcck\u201c, sagt Lars Oheim aus Wilhelmshaven. Dieses Fazit zeigt: Es hat sich gelohnt und macht Mut, die neue Kampagne \u201eKirche mit mir\u201c gemeinsam auf den Weg zu bringen!<br \/>\n&nbsp; &nbsp;<br \/>\nDes Weiteren stellt \u201ehorizont E\u201c die beiden neuen nebenamtlichen Oberkirchenr\u00e4te Sebastian Gro\u00df und Udo Heinen in einem Doppelinterview vor, wirbt f\u00fcr die EKD-Kampagne #deineTaufe und fragt, warum viele Menschen davon \u00fcberzeugt sind, dass uns geheime Gruppen manipulieren \u2013 und beschreibt, wie man damit umgeht.<br \/>\n&nbsp; &nbsp;<br \/>\nMit \u201ehorizont E\u201c gibt die Evangelisch-Lutherische Kirche in Oldenburg seit 2011 ein Magazin f\u00fcr ihre haupt- und ehrenamtlichen Mitarbeitenden heraus. Das Magazin \u201ehorizont E\u201c, dem auch \u201eIm Blick\u201c \u2013 das Magazin des Diakonischen Werkes im Oldenburger Land beiliegt, hat eine Auflage von 12.000 Exemplaren und wird \u00fcber die Kirchengemeinden an die Mitarbeitenden verteilt.<br \/>\n&nbsp; &nbsp;<br \/>\nDie aktuelle Ausgabe von \u201ehorizont E\u201c &nbsp;kann als <a href=\"\/\/page?uid=6045#80253\">*.pdf-Datei<\/a> heruntergeladen werden. Gr\u00f6\u00dfe: 4,34 MB.<br \/>\n&nbsp; &nbsp;<br \/>\n<a href=\"\/\/page?uid=6045\">Mehr zu \u201ehorizont E\u201c &gt;&gt;&gt;<\/a><\/p>\n<p>Kirche-Oldenburg<br \/>\n<a href=\"https:\/\/www.kirche-oldenburg.de\/\/aktuell\/pressemitteilungen\/artikel\/wir-sind-dabei\" target=\"_blank\" rel=\"noopener\">Wir sind dabei!<\/a><\/p>\n","protected":false},"excerpt":{"rendered":"<p>Im M\u00e4rz 2024 werden die Kirchen\u00e4ltesten in den Gemeinden der oldenburgischen Kirche neu gew\u00e4hlt. Damit die Wahl noch einfacher und flexibler wird, hat die Synode im November vergangenen Jahres ein neues Wahlgesetz verabschiedet. Neuerungen gibt es viele: Junge Menschen sollen verst\u00e4rkt eingebunden werden, alle k\u00f6nnen via Briefwahl oder online w\u00e4hlen. Die Gew\u00e4hlten k\u00f6nnen sich zun\u00e4chst auch nur f\u00fcr eine halbe Wahlperiode von drei Jahren engagieren \u2013 und dann nat\u00fcrlich verl\u00e4ngern.&nbsp; &nbsp; &nbsp; Die neue Ausgabe von \u201ehorizont E\u201c stellt einige Menschen vor, die sich bereits in ihren Kirchengemeinden engagieren. Wenn Menschen neue Ideen entwickeln oder ihr Wissen einbringen, ist das&#8230;<\/p>\n","protected":false},"author":7,"featured_media":0,"comment_status":"false","ping_status":"open","sticky":false,"template":"","format":"standard","meta":{"footnotes":""},"categories":[43],"tags":[44],"class_list":["post-23691","post","type-post","status-publish","format-standard","hentry","category-kirche-oldenburg","tag-kirche-oldenburg"],"_links":{"self":[{"href":"https:\/\/christusnews.de\/site\/wp-json\/wp\/v2\/posts\/23691","targetHints":{"allow":["GET"]}}],"collection":[{"href":"https:\/\/christusnews.de\/site\/wp-json\/wp\/v2\/posts"}],"about":[{"href":"https:\/\/christusnews.de\/site\/wp-json\/wp\/v2\/types\/post"}],"author":[{"embeddable":true,"href":"https:\/\/christusnews.de\/site\/wp-json\/wp\/v2\/users\/7"}],"replies":[{"embeddable":true,"href":"https:\/\/christusnews.de\/site\/wp-json\/wp\/v2\/comments?post=23691"}],"version-history":[{"count":1,"href":"https:\/\/christusnews.de\/site\/wp-json\/wp\/v2\/posts\/23691\/revisions"}],"predecessor-version":[{"id":23692,"href":"https:\/\/christusnews.de\/site\/wp-json\/wp\/v2\/posts\/23691\/revisions\/23692"}],"wp:attachment":[{"href":"https:\/\/christusnews.de\/site\/wp-json\/wp\/v2\/media?parent=23691"}],"wp:term":[{"taxonomy":"category","embeddable":true,"href":"https:\/\/christusnews.de\/site\/wp-json\/wp\/v2\/categories?post=23691"},{"taxonomy":"post_tag","embeddable":true,"href":"https:\/\/christusnews.de\/site\/wp-json\/wp\/v2\/tags?post=23691"}],"curies":[{"name":"wp","href":"https:\/\/api.w.org\/{rel}","templated":true}]}}