{"id":23734,"date":"2023-03-21T10:02:00","date_gmt":"2023-03-21T09:02:00","guid":{"rendered":"https:\/\/christusnews.de\/site\/diakonie-chef-lenke-schlaegt-zukunftsallianz-kita-vor-kultusministerin-hamburg-fachkraeftemangel-ist-bleibendes-problem\/"},"modified":"2023-03-22T22:17:23","modified_gmt":"2023-03-22T21:17:23","slug":"diakonie-chef-lenke-schlaegt-zukunftsallianz-kita-vor-kultusministerin-hamburg-fachkraeftemangel-ist-bleibendes-problem","status":"publish","type":"post","link":"https:\/\/christusnews.de\/site\/diakonie-chef-lenke-schlaegt-zukunftsallianz-kita-vor-kultusministerin-hamburg-fachkraeftemangel-ist-bleibendes-problem\/","title":{"rendered":"Diakonie-Chef Lenke schl\u00e4gt \u00abZukunftsallianz Kita\u00bb vor &#8211; Kultusministerin Hamburg: Fachkr\u00e4ftemangel ist bleibendes Problem"},"content":{"rendered":"<p class=\"MsoPlainText\">Hannover (epd). Der Vorstandssprecher der Diakonie in Niedersachsen, Hans-Joachim Lenke, und die nieders\u00e4chsische Kultusministerin Julia Willie Hamburg (Gr\u00fcne) rechnen damit, dass sich die Personalnot in Kitas weiter versch\u00e4rft. \u00abDer Fachkr\u00e4ftemangel ist im Kita-Bereich die gr\u00f6\u00dfte Herausforderung der n\u00e4chsten Jahre\u00bb, sagte Hamburg am Rande der landeskirchlichen Kita-Konferenz am Dienstag in Hannover. Die schwierige Aufgabe bestehe darin, die Qualit\u00e4t in den Kitas sicherzustellen und dennoch das Personal und die Eltern zu entlasten.&nbsp;Es gelte, den Kitas \u00abHandlungssicherheit\u00bb zu verschaffen.<\/p>\n<p class=\"MsoPlainText\">&nbsp;<\/p>\n<p class=\"MsoPlainText\">Mit Blick auf den f\u00fcr Mittwoch von der Gewerkschaft ver.di ausgerufenen Streik im \u00f6ffentlichen Dienst, von dem auch Kitas betroffen sein werden, sagte Diakonie-Chef Lenke, dass es Mitarbeiterinnen und Mitarbeitern evangelischer Kitas trotz kirchlichem Streikverbot freistehe, sich mit den Streikenden zu solidarisieren. Er appellierte jedoch an die Tr\u00e4ger, bei der Entscheidung, ob sie den Besch\u00e4ftigten freigeben k\u00f6nnen, den Wunsch der Eltern nach verl\u00e4sslicher Betreuung zu ber\u00fccksichtigen. In den Einrichtungen m\u00fcsse mindestens eine \u00abNotbetreuung\u00bb sichergestellt sein.<\/p>\n<p class=\"MsoPlainText\">&nbsp;<\/p>\n<p class=\"MsoPlainText\">Anlass f\u00fcr die Konferenz am Dienstag, an dem sich rund 80 evangelische Kita-Leitungen aus Niedersachsen beteiligten, war die Kita-Umfrage der Diakonie vom vergangenen September. Demnach haben 75 Prozent der 700 befragten Kitas unbesetzte Stellen. Dies wiederum f\u00fchrt der Erhebung zufolge bei mehr als der H\u00e4lfte der Einrichtungen zur tageweisen Schlie\u00dfung von Gruppen oder zur Verk\u00fcrzung der Betreuungszeiten am fr\u00fchen Morgen und am sp\u00e4ten Nachmittag.<\/p>\n<p class=\"MsoPlainText\">&nbsp;<\/p>\n<p class=\"MsoPlainText\">Um dem Unmut der Eltern zu begegnen und zum Wohle der Kinder gingen hochmotivierte Mitarbeitende h\u00e4ufig \u00fcber pers\u00f6nliche Grenzen hinaus, indem sie \u00dcberstunden leisteten, erl\u00e4uterte die Gesch\u00e4ftsf\u00fchrerin des evangelischen Kita-Verbandes Emden-Leer-Rhauderfehn, Alke Eden. Das f\u00fchre mittel- und langfristig dazu, dass Fachkr\u00e4fte krank werden oder den Beruf ganz verlie\u00dfen. Zu letzterem entschieden sich h\u00e4ufig junge Menschen, stellte Lenke fest.&nbsp;\u00abViele sagen: Das ist mir zu anstrengend und zu laut. Die Gruppen sind zu gro\u00df. Ich kann meinen Anspr\u00fcchen nicht entsprechen.\u00bb Es d\u00fcrfe nicht dazu kommen, dass der Beruf als unattraktiv verschrien sei, warnte der Diakonie-Chef.<\/p>\n<p class=\"MsoPlainText\">&nbsp;<\/p>\n<p class=\"MsoPlainText\">Lenke schlug daher eine interdisziplin\u00e4re \u00abZukunftsallianz Kita\u00bb vor, mit Fachleuten etwa von Kommunen, Kita-Tr\u00e4gern sowie aus Politik und Wissenschaft. Die Probleme k\u00f6nnten nur durch viele kleine Ma\u00dfnahmen gel\u00f6st werden, beispielsweise durch einen erleichterten Quereinstieg sowie eine Verg\u00fctung f\u00fcr Auszubildende. Der Diakonie-Chef schlug au\u00dferdem vor, Menschen mit p\u00e4dagogischer Grundausbildung als Betreuungs- und Assistenzpersonal einzusetzen.<\/p>\n<p class=\"MsoPlainText\">&nbsp;<\/p>\n<p class=\"MsoPlainText\">Kultusministerin Hamburg begr\u00fc\u00dfte die Vorschl\u00e4ge und mahnte eine \u00abGestaltungsdebatte\u00bb an, auch wenn sich am Fachkr\u00e4ftemangel selbst in absehbarer Zeit kaum etwas \u00e4ndern lie\u00dfe. Das Gespr\u00e4ch soll auf Einladung des Ministeriums beim Kita-Kongress am 25. Mai fortgesetzt werden.<\/p>\n<p>Kirche-Oldenburg<br \/>\n<a href=\"https:\/\/www.kirche-oldenburg.de\/\/aktuell\/news-niedersachsen\/artikel\/diakonie-chef-lenke-schlaegt-zukunftsallianz-kita-vor-kultusministerin-hamburg-fachkraeftemangel-ist-bleibendes-problem\" target=\"_blank\" rel=\"noopener\">Diakonie-Chef Lenke schl\u00e4gt \u00abZukunftsallianz Kita\u00bb vor &#8211; Kultusministerin Hamburg: Fachkr\u00e4ftemangel ist bleibendes Problem<\/a><\/p>\n","protected":false},"excerpt":{"rendered":"<p>Hannover (epd). Der Vorstandssprecher der Diakonie in Niedersachsen, Hans-Joachim Lenke, und die nieders\u00e4chsische Kultusministerin Julia Willie Hamburg (Gr\u00fcne) rechnen damit, dass sich die Personalnot in Kitas weiter versch\u00e4rft. \u00abDer Fachkr\u00e4ftemangel ist im Kita-Bereich die gr\u00f6\u00dfte Herausforderung der n\u00e4chsten Jahre\u00bb, sagte Hamburg am Rande der landeskirchlichen Kita-Konferenz am Dienstag in Hannover. Die schwierige Aufgabe bestehe darin, die Qualit\u00e4t in den Kitas sicherzustellen und dennoch das Personal und die Eltern zu entlasten.&nbsp;Es gelte, den Kitas \u00abHandlungssicherheit\u00bb zu verschaffen. &nbsp; Mit Blick auf den f\u00fcr Mittwoch von der Gewerkschaft ver.di ausgerufenen Streik im \u00f6ffentlichen Dienst, von dem auch Kitas betroffen sein werden, sagte&#8230;<\/p>\n","protected":false},"author":7,"featured_media":0,"comment_status":"false","ping_status":"open","sticky":false,"template":"","format":"standard","meta":{"footnotes":""},"categories":[43],"tags":[44],"class_list":["post-23734","post","type-post","status-publish","format-standard","hentry","category-kirche-oldenburg","tag-kirche-oldenburg"],"_links":{"self":[{"href":"https:\/\/christusnews.de\/site\/wp-json\/wp\/v2\/posts\/23734","targetHints":{"allow":["GET"]}}],"collection":[{"href":"https:\/\/christusnews.de\/site\/wp-json\/wp\/v2\/posts"}],"about":[{"href":"https:\/\/christusnews.de\/site\/wp-json\/wp\/v2\/types\/post"}],"author":[{"embeddable":true,"href":"https:\/\/christusnews.de\/site\/wp-json\/wp\/v2\/users\/7"}],"replies":[{"embeddable":true,"href":"https:\/\/christusnews.de\/site\/wp-json\/wp\/v2\/comments?post=23734"}],"version-history":[{"count":1,"href":"https:\/\/christusnews.de\/site\/wp-json\/wp\/v2\/posts\/23734\/revisions"}],"predecessor-version":[{"id":23735,"href":"https:\/\/christusnews.de\/site\/wp-json\/wp\/v2\/posts\/23734\/revisions\/23735"}],"wp:attachment":[{"href":"https:\/\/christusnews.de\/site\/wp-json\/wp\/v2\/media?parent=23734"}],"wp:term":[{"taxonomy":"category","embeddable":true,"href":"https:\/\/christusnews.de\/site\/wp-json\/wp\/v2\/categories?post=23734"},{"taxonomy":"post_tag","embeddable":true,"href":"https:\/\/christusnews.de\/site\/wp-json\/wp\/v2\/tags?post=23734"}],"curies":[{"name":"wp","href":"https:\/\/api.w.org\/{rel}","templated":true}]}}