{"id":23773,"date":"2023-03-26T09:50:00","date_gmt":"2023-03-26T07:50:00","guid":{"rendered":"https:\/\/christusnews.de\/site\/kurschus-offen-fuer-kirchenasyl-fuer-russische-kriegsdienstverweigerer\/"},"modified":"2023-03-28T11:17:21","modified_gmt":"2023-03-28T09:17:21","slug":"kurschus-offen-fuer-kirchenasyl-fuer-russische-kriegsdienstverweigerer","status":"publish","type":"post","link":"https:\/\/christusnews.de\/site\/kurschus-offen-fuer-kirchenasyl-fuer-russische-kriegsdienstverweigerer\/","title":{"rendered":"Kurschus offen f\u00fcr Kirchenasyl f\u00fcr russische Kriegsdienstverweigerer"},"content":{"rendered":"<p>Hannover\/Braunschweig (epd). Die Ratsvorsitzende der Evangelischen Kirche in Deutschland (EKD), Annette Kurschus, hat sich im Einzelfall offen f\u00fcr Kirchenasyl f\u00fcr russische Kriegsdienstverweigerer gezeigt. \u00abDie Entscheidung, Kirchenasyl zu gew\u00e4hren, liegt bei der einzelnen Kirchengemeinde und sie ist immer ein Einzel- und Ausnahmefall, in dem die Gemeinde sich sehr sorgf\u00e4ltig mit der individuellen Situation dieses einen konkreten Menschen befasst\u00bb, sagte die westf\u00e4lische Pr\u00e4ses den Zeitungen der Essener Funke Mediengruppe (Online Sonntag, Print Montag). Wladimir Putin \u00abverheizt die eigenen Leute\u00bb und schaffe Elend in vielen russischen Familien. \u00abSollte sich eine Gemeinde dazu entschlie\u00dfen, einem russischen Menschen, der nicht in den Krieg ziehen will, Schutzraum zu bieten, k\u00f6nnte ich das nachvollziehen\u00bb, betonte sie.<\/p>\n<p>\nMit Blick auf die Debatte um die Versorgung von Gefl\u00fcchteten bezeichnete Kurschus die Forderung der Kommunen nach einer st\u00e4rkeren finanziellen Unterst\u00fctzung als verst\u00e4ndlich. \u00abDer Bund ist in der Verantwortung, bei der Unterbringung der Gefl\u00fcchteten angemessen zu helfen\u00bb, sagte sie.<\/p>\n<p>\n\u00abDie Hilfsbereitschaft ist enorm, das erleben wir nicht zuletzt in unseren Kirchengemeinden\u00bb, sagte die leitende Theologin der Evangelischen Kirche von Westfalen. Daf\u00fcr sei sie \u00absehr dankbar\u00bb und habe gro\u00dfen Respekt. \u00abWahr ist auch: Die polarisierende Berichterstattung \u00fcber ein Haus, das zuvor ein Altenheim beherbergte und nun f\u00fcr Gefl\u00fcchtete genutzt werden soll, hat gezeigt, wie empfindlich und gereizt die Atmosph\u00e4re ist\u00bb, erkl\u00e4rte sie. Da komme Konkurrenzdenken auf, dass Fl\u00fcchtlinge bevorzugt behandelt w\u00fcrden. \u00abWir d\u00fcrfen nicht Not gegen Not ausspielen\u00bb, forderte Kurschus. \u00abDie Aufnahme und Unterbringung von Gefl\u00fcchteten in den Kommunen muss so geschehen, dass hier keine Schieflage entsteht.\u00bb<\/p>\n<p>Kirche-Oldenburg<br \/>\n<a href=\"https:\/\/www.kirche-oldenburg.de\/\/aktuell\/news-niedersachsen\/artikel\/kurschus-offen-fuer-kirchenasyl-fuer-russische-kriegsdienstverweigerer\" target=\"_blank\" rel=\"noopener\">Kurschus offen f\u00fcr Kirchenasyl f\u00fcr russische Kriegsdienstverweigerer<\/a><\/p>\n","protected":false},"excerpt":{"rendered":"<p>Hannover\/Braunschweig (epd). Die Ratsvorsitzende der Evangelischen Kirche in Deutschland (EKD), Annette Kurschus, hat sich im Einzelfall offen f\u00fcr Kirchenasyl f\u00fcr russische Kriegsdienstverweigerer gezeigt. \u00abDie Entscheidung, Kirchenasyl zu gew\u00e4hren, liegt bei der einzelnen Kirchengemeinde und sie ist immer ein Einzel- und Ausnahmefall, in dem die Gemeinde sich sehr sorgf\u00e4ltig mit der individuellen Situation dieses einen konkreten Menschen befasst\u00bb, sagte die westf\u00e4lische Pr\u00e4ses den Zeitungen der Essener Funke Mediengruppe (Online Sonntag, Print Montag). Wladimir Putin \u00abverheizt die eigenen Leute\u00bb und schaffe Elend in vielen russischen Familien. \u00abSollte sich eine Gemeinde dazu entschlie\u00dfen, einem russischen Menschen, der nicht in den Krieg ziehen will,&#8230;<\/p>\n","protected":false},"author":7,"featured_media":0,"comment_status":"false","ping_status":"open","sticky":false,"template":"","format":"standard","meta":{"footnotes":""},"categories":[43],"tags":[44],"class_list":["post-23773","post","type-post","status-publish","format-standard","hentry","category-kirche-oldenburg","tag-kirche-oldenburg"],"_links":{"self":[{"href":"https:\/\/christusnews.de\/site\/wp-json\/wp\/v2\/posts\/23773","targetHints":{"allow":["GET"]}}],"collection":[{"href":"https:\/\/christusnews.de\/site\/wp-json\/wp\/v2\/posts"}],"about":[{"href":"https:\/\/christusnews.de\/site\/wp-json\/wp\/v2\/types\/post"}],"author":[{"embeddable":true,"href":"https:\/\/christusnews.de\/site\/wp-json\/wp\/v2\/users\/7"}],"replies":[{"embeddable":true,"href":"https:\/\/christusnews.de\/site\/wp-json\/wp\/v2\/comments?post=23773"}],"version-history":[{"count":1,"href":"https:\/\/christusnews.de\/site\/wp-json\/wp\/v2\/posts\/23773\/revisions"}],"predecessor-version":[{"id":23774,"href":"https:\/\/christusnews.de\/site\/wp-json\/wp\/v2\/posts\/23773\/revisions\/23774"}],"wp:attachment":[{"href":"https:\/\/christusnews.de\/site\/wp-json\/wp\/v2\/media?parent=23773"}],"wp:term":[{"taxonomy":"category","embeddable":true,"href":"https:\/\/christusnews.de\/site\/wp-json\/wp\/v2\/categories?post=23773"},{"taxonomy":"post_tag","embeddable":true,"href":"https:\/\/christusnews.de\/site\/wp-json\/wp\/v2\/tags?post=23773"}],"curies":[{"name":"wp","href":"https:\/\/api.w.org\/{rel}","templated":true}]}}