{"id":23775,"date":"2023-03-25T09:41:00","date_gmt":"2023-03-25T08:41:00","guid":{"rendered":"https:\/\/christusnews.de\/site\/betroffenenrat-bode-ruecktritt-ein-schritt-in-die-richtige-richtung\/"},"modified":"2023-03-28T11:17:21","modified_gmt":"2023-03-28T09:17:21","slug":"betroffenenrat-bode-ruecktritt-ein-schritt-in-die-richtige-richtung","status":"publish","type":"post","link":"https:\/\/christusnews.de\/site\/betroffenenrat-bode-ruecktritt-ein-schritt-in-die-richtige-richtung\/","title":{"rendered":"Betroffenenrat: Bode-R\u00fccktritt ein \u00abSchritt in die richtige Richtung\u00bb"},"content":{"rendered":"<p>Hamburg\/Osnabr\u00fcck (epd). Der norddeutsche Betroffenenrat der katholischen Bist\u00fcmer Hamburg, Hildesheim und Osnabr\u00fcck hat den R\u00fccktritt des Osnabr\u00fccker Bischofs Franz-Josef Bode als \u00abwichtiges Zeichen sichtbarer Verantwortungs\u00fcbernahme\u00bb und \u00abwegweisenden Schritt in die richtige Richtung\u00bb bezeichnet. \u00abWir sind sehr zuversichtlich, dass der Aufarbeitungs- und Schutzprozess, der im Bistum Osnabr\u00fcck durch Bischof Bode 2019 installiert wurde, auch weiterhin konstruktiv und zielgerichtet verfolgt wird\u00bb, teilte der Betroffenenrat am Sonnabend mit. Weiter hie\u00df es, das \u00abletztendlich konsequente Handeln von Bischof Bode sollte Vorbild f\u00fcr andere Verantwortungstr\u00e4ger\u00bb in den Bist\u00fcmern der Deutschen Bischofskonferenz (DBK) sein.<\/p>\n<p>\nPapst Franziskus hatte am Sonnabend das R\u00fccktrittsgesuch Bodes angenommen, wie die DBK mitteilte. Bode sagte, der Entschluss sei in den letzten Monaten in ihm gereift. Der 72-J\u00e4hrige nannte als einen Grund den im September ver\u00f6ffentlichten Zwischenbericht zur Aufarbeitung sexualisierter Gewalt im Bistum Osnabr\u00fcck. Dieser habe ihm noch einmal deutlich seine eigenen Fehler im Umgang mit Missbrauchsf\u00e4llen vor Augen gef\u00fchrt.<\/p>\n<p>\nDer norddeutsche Betroffenenrat hatte Bode im Dezember vergangenen Jahres wegen seines Umgangs mit F\u00e4llen sexualisierter Gewalt kirchenrechtlich angezeigt. Mit der Anzeige beim Hamburger Erzbischof Stefan He\u00dfe habe der Betroffenenrat Bode daran erinnern wollen, nicht t\u00e4ter-, sondern betroffenenorientiert zu handeln und pers\u00f6nlich Verantwortung zu \u00fcbernehmen, erl\u00e4uterte der Betroffenenrat Nord am Sonnabend.<\/p>\n<p>&nbsp;<\/p>\n<p>\u00abDer Schutzprozess im Bistum Osnabr\u00fcck ist mittlerweile so gut etabliert und gefestigt, dass er ungeachtet der Vakanzzeit weiter seinen Beitrag dazu leisten wird, um im Bistum Osnabr\u00fcck wirksam gegen sexualisierte Gewalt und geistlichen Missbrauch vorzugehen\u00bb, sagte Norbert Thewes, Sprecher des Betroffenenrats Nord. Ma\u00dfnahmen zur Pr\u00e4vention, Intervention und Aufarbeitung seien durch die Verantwortlichen des Schutzprozesses im Bistum Osnabr\u00fcck \u00abauf einem guten Weg\u00bb.<\/p>\n<p>\nRaphael Ohlms, ebenfalls Sprecher des Betroffenenrats Nord, teilte mit, die guten Kontakte und der Austausch mit der Monitoringgruppe und der AG &#8216;Betroffene h\u00f6ren und begleiten&#8217; machten dem Betroffenenrat \u00abberechtigte Hoffnungen\u00bb, dass die zust\u00e4ndigen Mitarbeitenden die Perspektive der Betroffenen heute und auch zuk\u00fcnftig unter neuer F\u00fchrung gut im Blick haben w\u00fcrden.<\/p>\n<p>Kirche-Oldenburg<br \/>\n<a href=\"https:\/\/www.kirche-oldenburg.de\/\/aktuell\/news-niedersachsen\/artikel\/betroffenenrat-bode-ruecktritt-ein-schritt-in-die-richtige-richtung\" target=\"_blank\" rel=\"noopener\">Betroffenenrat: Bode-R\u00fccktritt ein \u00abSchritt in die richtige Richtung\u00bb<\/a><\/p>\n","protected":false},"excerpt":{"rendered":"<p>Hamburg\/Osnabr\u00fcck (epd). Der norddeutsche Betroffenenrat der katholischen Bist\u00fcmer Hamburg, Hildesheim und Osnabr\u00fcck hat den R\u00fccktritt des Osnabr\u00fccker Bischofs Franz-Josef Bode als \u00abwichtiges Zeichen sichtbarer Verantwortungs\u00fcbernahme\u00bb und \u00abwegweisenden Schritt in die richtige Richtung\u00bb bezeichnet. \u00abWir sind sehr zuversichtlich, dass der Aufarbeitungs- und Schutzprozess, der im Bistum Osnabr\u00fcck durch Bischof Bode 2019 installiert wurde, auch weiterhin konstruktiv und zielgerichtet verfolgt wird\u00bb, teilte der Betroffenenrat am Sonnabend mit. Weiter hie\u00df es, das \u00abletztendlich konsequente Handeln von Bischof Bode sollte Vorbild f\u00fcr andere Verantwortungstr\u00e4ger\u00bb in den Bist\u00fcmern der Deutschen Bischofskonferenz (DBK) sein. Papst Franziskus hatte am Sonnabend das R\u00fccktrittsgesuch Bodes angenommen, wie die DBK&#8230;<\/p>\n","protected":false},"author":7,"featured_media":0,"comment_status":"false","ping_status":"open","sticky":false,"template":"","format":"standard","meta":{"footnotes":""},"categories":[43],"tags":[44],"class_list":["post-23775","post","type-post","status-publish","format-standard","hentry","category-kirche-oldenburg","tag-kirche-oldenburg"],"_links":{"self":[{"href":"https:\/\/christusnews.de\/site\/wp-json\/wp\/v2\/posts\/23775","targetHints":{"allow":["GET"]}}],"collection":[{"href":"https:\/\/christusnews.de\/site\/wp-json\/wp\/v2\/posts"}],"about":[{"href":"https:\/\/christusnews.de\/site\/wp-json\/wp\/v2\/types\/post"}],"author":[{"embeddable":true,"href":"https:\/\/christusnews.de\/site\/wp-json\/wp\/v2\/users\/7"}],"replies":[{"embeddable":true,"href":"https:\/\/christusnews.de\/site\/wp-json\/wp\/v2\/comments?post=23775"}],"version-history":[{"count":1,"href":"https:\/\/christusnews.de\/site\/wp-json\/wp\/v2\/posts\/23775\/revisions"}],"predecessor-version":[{"id":23776,"href":"https:\/\/christusnews.de\/site\/wp-json\/wp\/v2\/posts\/23775\/revisions\/23776"}],"wp:attachment":[{"href":"https:\/\/christusnews.de\/site\/wp-json\/wp\/v2\/media?parent=23775"}],"wp:term":[{"taxonomy":"category","embeddable":true,"href":"https:\/\/christusnews.de\/site\/wp-json\/wp\/v2\/categories?post=23775"},{"taxonomy":"post_tag","embeddable":true,"href":"https:\/\/christusnews.de\/site\/wp-json\/wp\/v2\/tags?post=23775"}],"curies":[{"name":"wp","href":"https:\/\/api.w.org\/{rel}","templated":true}]}}