{"id":23899,"date":"2023-04-18T08:16:00","date_gmt":"2023-04-18T06:16:00","guid":{"rendered":"https:\/\/christusnews.de\/site\/pastor-konfirmation-ist-laengst-kein-droeger-religionsunterricht-mehr\/"},"modified":"2023-04-19T11:17:26","modified_gmt":"2023-04-19T09:17:26","slug":"pastor-konfirmation-ist-laengst-kein-droeger-religionsunterricht-mehr","status":"publish","type":"post","link":"https:\/\/christusnews.de\/site\/pastor-konfirmation-ist-laengst-kein-droeger-religionsunterricht-mehr\/","title":{"rendered":"Pastor: Konfirmation ist l\u00e4ngst kein dr\u00f6ger Religionsunterricht mehr"},"content":{"rendered":"<p class=\"MsoPlainText\">Hannover (epd). Die Konfirmation und insbesondere der sogenannte Konfirmationsunterricht hat aus Sicht des Pastors S\u00f6nke von Stemm mit einem Image-Problem zu k\u00e4mpfen. \u00abVon au\u00dfen betrachtet denken viele dabei zun\u00e4chst an angestaubten Religionsunterricht &#8211; dabei ist das komplett falsch\u00bb, sagte er dem Evangelischen Pressedienst (epd). Von Stemm war Dozent f\u00fcr Konfi-Arbeit am Religionsp\u00e4dagogischen Institut Loccum und ist aktuell einer von vielen Beratern f\u00fcr die Konfi-Arbeit in der hannoverschen Landeskirche. Er sieht gerade in der Gruppendynamik den Wert der Konfi-Zeit.<\/p>\n<p class=\"MsoPlainText\">&nbsp;<\/p>\n<p class=\"MsoPlainText\">\u00abDie Jugendlichen werden in die inhaltliche Planung der Konfi-Stunden einbezogen. Das ist oftmals auch f\u00fcr sie eine komplett neue Erfahrung, wenn sie aus der Schule gewohnt sind, Lehrplanziele quasi abzuhaken\u00bb, erl\u00e4uterte der evangelische Theologe. \u00abEine zentrale Aufgabe gerade im Alter von 13 oder 14 Jahren ist der Abl\u00f6seprozess von den Eltern und zugleich die Frage nach Freundschaften und Zugeh\u00f6rigkeit. Das passt gut zur religi\u00f6sen Orientierung und schlie\u00dflich eigenverantwortlichen Entscheidung: Ich will zur Gemeinde dazu geh\u00f6ren.\u00bb<\/p>\n<p class=\"MsoPlainText\">&nbsp;<\/p>\n<p class=\"MsoPlainText\">Ein sch\u00f6nes Symbol daf\u00fcr seien beispielsweise T\u00fcren oder St\u00fchle und Hocker. Die Jugendlichen gestalteten diese und entdeckten zugleich, welche Wege sich ihnen \u00f6ffnen oder wo sie ihren Platz im Leben sehen. \u00ab&#8217;Wer bin ich eigentlich?&#8217; ist heute eine der zentralen Fragen in der Konfi-Arbeit \u00bb, betont von Stemm. \u00abDie Identit\u00e4tsbildung ist eine absolute St\u00e4rke der Konfi-Arbeit.\u00bb<\/p>\n<p class=\"MsoPlainText\">&nbsp;<\/p>\n<p class=\"MsoPlainText\">Au\u00dferdem wolle den Heranwachsenden niemand \u00abdie eine Wahrheit verkaufen\u00bb, erg\u00e4nzte der Theologe. \u00abSie sollen lernen, dass Kirche und Glaube eine Suchbewegung sind und dass sich niemand allein auf die Suche begeben muss.\u00bb Vor diesem Hintergrund sei es auch positiv, dass nach der Konfirmation rund ein Drittel und teils sogar mehr als die H\u00e4lfte eines Jahrganges als Teamer erhalten bleibe.<\/p>\n<p class=\"MsoPlainText\">&nbsp;<\/p>\n<p class=\"MsoPlainText\">Dieser \u00dcbergang nach der Konfirmation sei f\u00fcr junge Menschen unsch\u00e4tzbar wertvoll, betonte von Stemm. \u00abDie Jugendlichen erfahren Wertsch\u00e4tzung f\u00fcr ihre Arbeit, denn gerade im Gespr\u00e4ch mit J\u00fcngeren hat ihre Stimme oftmals deutlich mehr Gewicht, als es die Stimme von Erwachsenen je haben k\u00f6nnte.\u00bb<\/p>\n<p class=\"MsoPlainText\">&nbsp;<\/p>\n<p class=\"MsoPlainText\">Immer \u00f6fter sei leider zu beobachten, dass Kinder zwar getauft, sp\u00e4ter aber nicht mehr zur Konfirmation angemeldet w\u00fcrden, bedauerte von Stemm. Diese fr\u00fcher oftmals automatische Verbindung sei verloren gegangen. Teils habe f\u00fcr Familien auch die Aussicht auf ein teures Fest eine abschreckende Wirkung. \u00abWer sozial schwach ist, \u00fcberlegt sich, ob er sich eine Konfirmation leisten kann.\u00bb Dieser Bef\u00fcrchtung begegneten Gemeinden teils mit gemeinsam ausgerichteten Feste. \u00abEs muss ihnen nur gelingen, das positive und niedrigschwellige der Konfirmation besser zu bewerben.\u00bb<\/p>\n<p>Kirche-Oldenburg<br \/>\n<a href=\"https:\/\/www.kirche-oldenburg.de\/\/aktuell\/news-niedersachsen\/artikel\/pastor-konfirmation-ist-laengst-kein-droeger-religionsunterricht-mehr\" target=\"_blank\" rel=\"noopener\">Pastor: Konfirmation ist l\u00e4ngst kein dr\u00f6ger Religionsunterricht mehr<\/a><\/p>\n","protected":false},"excerpt":{"rendered":"<p>Hannover (epd). Die Konfirmation und insbesondere der sogenannte Konfirmationsunterricht hat aus Sicht des Pastors S\u00f6nke von Stemm mit einem Image-Problem zu k\u00e4mpfen. \u00abVon au\u00dfen betrachtet denken viele dabei zun\u00e4chst an angestaubten Religionsunterricht &#8211; dabei ist das komplett falsch\u00bb, sagte er dem Evangelischen Pressedienst (epd). Von Stemm war Dozent f\u00fcr Konfi-Arbeit am Religionsp\u00e4dagogischen Institut Loccum und ist aktuell einer von vielen Beratern f\u00fcr die Konfi-Arbeit in der hannoverschen Landeskirche. Er sieht gerade in der Gruppendynamik den Wert der Konfi-Zeit. &nbsp; \u00abDie Jugendlichen werden in die inhaltliche Planung der Konfi-Stunden einbezogen. Das ist oftmals auch f\u00fcr sie eine komplett neue Erfahrung, wenn&#8230;<\/p>\n","protected":false},"author":7,"featured_media":0,"comment_status":"false","ping_status":"open","sticky":false,"template":"","format":"standard","meta":{"footnotes":""},"categories":[43],"tags":[44],"class_list":["post-23899","post","type-post","status-publish","format-standard","hentry","category-kirche-oldenburg","tag-kirche-oldenburg"],"_links":{"self":[{"href":"https:\/\/christusnews.de\/site\/wp-json\/wp\/v2\/posts\/23899","targetHints":{"allow":["GET"]}}],"collection":[{"href":"https:\/\/christusnews.de\/site\/wp-json\/wp\/v2\/posts"}],"about":[{"href":"https:\/\/christusnews.de\/site\/wp-json\/wp\/v2\/types\/post"}],"author":[{"embeddable":true,"href":"https:\/\/christusnews.de\/site\/wp-json\/wp\/v2\/users\/7"}],"replies":[{"embeddable":true,"href":"https:\/\/christusnews.de\/site\/wp-json\/wp\/v2\/comments?post=23899"}],"version-history":[{"count":1,"href":"https:\/\/christusnews.de\/site\/wp-json\/wp\/v2\/posts\/23899\/revisions"}],"predecessor-version":[{"id":23900,"href":"https:\/\/christusnews.de\/site\/wp-json\/wp\/v2\/posts\/23899\/revisions\/23900"}],"wp:attachment":[{"href":"https:\/\/christusnews.de\/site\/wp-json\/wp\/v2\/media?parent=23899"}],"wp:term":[{"taxonomy":"category","embeddable":true,"href":"https:\/\/christusnews.de\/site\/wp-json\/wp\/v2\/categories?post=23899"},{"taxonomy":"post_tag","embeddable":true,"href":"https:\/\/christusnews.de\/site\/wp-json\/wp\/v2\/tags?post=23899"}],"curies":[{"name":"wp","href":"https:\/\/api.w.org\/{rel}","templated":true}]}}