{"id":23901,"date":"2023-04-19T09:11:00","date_gmt":"2023-04-19T07:11:00","guid":{"rendered":"https:\/\/christusnews.de\/site\/bremen-zwei-uebertraegt-radiogottesdienst-zum-1-mai\/"},"modified":"2023-04-20T11:17:39","modified_gmt":"2023-04-20T09:17:39","slug":"bremen-zwei-uebertraegt-radiogottesdienst-zum-1-mai","status":"publish","type":"post","link":"https:\/\/christusnews.de\/site\/bremen-zwei-uebertraegt-radiogottesdienst-zum-1-mai\/","title":{"rendered":"Bremen Zwei \u00fcbertr\u00e4gt Radiogottesdienst zum 1. Mai\u00a0"},"content":{"rendered":"<p class=\"MsoPlainText\">Bremen (epd). Radio Bremen \u00fcbertr\u00e4gt am 1. Mai, dem Tag der Arbeit, einen \u00f6kumenischen H\u00f6rfunk-Gottesdienst aus der Bremer evangelischen Liebfrauenkirche. Die Feier unter dem Motto \u00abUngebrochen solidarisch\u00bb ist ab 10 Uhr auf dem Sender Bremen Zwei zu h\u00f6ren, wie der Katholische Gemeindeverband Bremen am Mittwoch mitteilte. Die Predigt h\u00e4lt der fr\u00fchere Ratsvorsitzende der Evangelischen Kirche in Deutschland (EKD), Nikolaus Schneider.<\/p>\n<p class=\"MsoPlainText\">&nbsp;<\/p>\n<p class=\"MsoPlainText\">Vorbereitet wird der Gottesdienst gemeinsam von der evangelischen und katholischen Kirche, wie es hie\u00df. Beteiligt sind der evangelische Kirchliche Dienst in der Arbeitswelt (KDA) und die Katholischen Arbeitnehmer-Bewegung (KAB) zusammen mit dem Deutschen Gewerkschaftsbund (DGB) und ihrem Stadtverbandsvorsitzenden Ernesto Harder. Die Kollekte geht an den Verein \u00abZuflucht &#8211; \u00d6kumenische Ausl\u00e4nderarbeit\u00bb, der sich f\u00fcr die Interessen von Fl\u00fcchtlingen in Bremen einsetzt.<\/p>\n<p>Kirche-Oldenburg<br \/>\n<a href=\"https:\/\/www.kirche-oldenburg.de\/\/aktuell\/news-niedersachsen\/artikel\/bremen-zwei-uebertraegt-radiogottesdienst-zum-1-mai\" target=\"_blank\" rel=\"noopener\">Bremen Zwei \u00fcbertr\u00e4gt Radiogottesdienst zum 1. Mai\u00a0<\/a><\/p>\n","protected":false},"excerpt":{"rendered":"<p>Bremen (epd). Radio Bremen \u00fcbertr\u00e4gt am 1. Mai, dem Tag der Arbeit, einen \u00f6kumenischen H\u00f6rfunk-Gottesdienst aus der Bremer evangelischen Liebfrauenkirche. Die Feier unter dem Motto \u00abUngebrochen solidarisch\u00bb ist ab 10 Uhr auf dem Sender Bremen Zwei zu h\u00f6ren, wie der Katholische Gemeindeverband Bremen am Mittwoch mitteilte. Die Predigt h\u00e4lt der fr\u00fchere Ratsvorsitzende der Evangelischen Kirche in Deutschland (EKD), Nikolaus Schneider. &nbsp; Vorbereitet wird der Gottesdienst gemeinsam von der evangelischen und katholischen Kirche, wie es hie\u00df. Beteiligt sind der evangelische Kirchliche Dienst in der Arbeitswelt (KDA) und die Katholischen Arbeitnehmer-Bewegung (KAB) zusammen mit dem Deutschen Gewerkschaftsbund (DGB) und ihrem Stadtverbandsvorsitzenden Ernesto&#8230;<\/p>\n","protected":false},"author":7,"featured_media":0,"comment_status":"false","ping_status":"open","sticky":false,"template":"","format":"standard","meta":{"footnotes":""},"categories":[43],"tags":[44],"class_list":["post-23901","post","type-post","status-publish","format-standard","hentry","category-kirche-oldenburg","tag-kirche-oldenburg"],"_links":{"self":[{"href":"https:\/\/christusnews.de\/site\/wp-json\/wp\/v2\/posts\/23901","targetHints":{"allow":["GET"]}}],"collection":[{"href":"https:\/\/christusnews.de\/site\/wp-json\/wp\/v2\/posts"}],"about":[{"href":"https:\/\/christusnews.de\/site\/wp-json\/wp\/v2\/types\/post"}],"author":[{"embeddable":true,"href":"https:\/\/christusnews.de\/site\/wp-json\/wp\/v2\/users\/7"}],"replies":[{"embeddable":true,"href":"https:\/\/christusnews.de\/site\/wp-json\/wp\/v2\/comments?post=23901"}],"version-history":[{"count":1,"href":"https:\/\/christusnews.de\/site\/wp-json\/wp\/v2\/posts\/23901\/revisions"}],"predecessor-version":[{"id":23902,"href":"https:\/\/christusnews.de\/site\/wp-json\/wp\/v2\/posts\/23901\/revisions\/23902"}],"wp:attachment":[{"href":"https:\/\/christusnews.de\/site\/wp-json\/wp\/v2\/media?parent=23901"}],"wp:term":[{"taxonomy":"category","embeddable":true,"href":"https:\/\/christusnews.de\/site\/wp-json\/wp\/v2\/categories?post=23901"},{"taxonomy":"post_tag","embeddable":true,"href":"https:\/\/christusnews.de\/site\/wp-json\/wp\/v2\/tags?post=23901"}],"curies":[{"name":"wp","href":"https:\/\/api.w.org\/{rel}","templated":true}]}}