{"id":23913,"date":"2023-04-21T22:43:07","date_gmt":"2023-04-21T20:43:07","guid":{"rendered":"https:\/\/christusnews.de\/site\/starke-worte-fuer-unsere-konfis-selbst-gestaltet-im-kreativen-abschlussprojekt-graffitis-zu-den-konfi-spruechen-ueberall-in-unserer-kirche-erzaehlen-sie-davon-was-den-konfis-wichtig-ist-am-samst\/"},"modified":"2023-04-21T23:17:43","modified_gmt":"2023-04-21T21:17:43","slug":"starke-worte-fuer-unsere-konfis-selbst-gestaltet-im-kreativen-abschlussprojekt-graffitis-zu-den-konfi-spruechen-ueberall-in-unserer-kirche-erzaehlen-sie-davon-was-den-konfis-wichtig-ist-am-samst","status":"publish","type":"post","link":"https:\/\/christusnews.de\/site\/starke-worte-fuer-unsere-konfis-selbst-gestaltet-im-kreativen-abschlussprojekt-graffitis-zu-den-konfi-spruechen-ueberall-in-unserer-kirche-erzaehlen-sie-davon-was-den-konfis-wichtig-ist-am-samst\/","title":{"rendered":"Starke Worte f\u00fcr unsere Konfis.\nSelbst gestaltet im kreativen Abschlussprojekt: Graffitis zu den Konfi-Spr\u00fcchen.\n\u00dcberall in unserer Kirche erz\u00e4hlen sie davon, was den Konfis wichtig ist.\n\nAm Samstag und Sonntag feiern wir Konfirmation. Jetzt ist alles bereit. \nDie mitgebrachten Blumen sind zu wunderbaren Str\u00e4u\u00dfen und Gestecken geworden. \nDie Liedzettel sind verteilt und die ausgesuchten Kreuze sortiert.  \nSogar die Predigt steht schon weitgehend &#8230;\n\nWir freuen uns auf das Fest. Und vor allem freuen wir uns \u00fcber die wunderbaren 27 Jugendlichen, die dieses Wochenende konfirmiert werden. Seid beh\u00fctet!"},"content":{"rendered":"<p>Starke Worte f\u00fcr unsere Konfis.<br \/>\nSelbst gestaltet im kreativen Abschlussprojekt: Graffitis zu den Konfi-Spr\u00fcchen.<br \/>\n\u00dcberall in unserer Kirche erz\u00e4hlen sie davon, was den Konfis wichtig ist.<\/p>\n<p>Am Samstag und Sonntag feiern wir Konfirmation. Jetzt ist alles bereit.<br \/>\nDie mitgebrachten Blumen sind zu wunderbaren Str\u00e4u\u00dfen und Gestecken geworden.<br \/>\nDie Liedzettel sind verteilt und die ausgesuchten Kreuze sortiert.<br \/>\nSogar die Predigt steht schon weitgehend &#8230;<\/p>\n<p>Wir freuen uns auf das Fest. Und vor allem freuen wir uns \u00fcber die wunderbaren 27 Jugendlichen, die dieses Wochenende konfirmiert werden. Seid beh\u00fctet!<br \/>\nHAVENKIRCHE@FB<br \/>\n<a href=\"https:\/\/www.facebook.com\/396185572708352\/posts\/537265268600381\" target=\"_blank\" rel=\"noopener\">Starke Worte f\u00fcr unsere Konfis.<br \/>\nSelbst gestaltet im kreativen Abschlussprojekt: Graffitis zu den Konfi-Spr\u00fcchen.<br \/>\n\u00dcberall in unserer Kirche erz\u00e4hlen sie davon, was den Konfis wichtig ist.<\/p>\n<p>Am Samstag und Sonntag feiern wir Konfirmation. Jetzt ist alles bereit.<br \/>\nDie mitgebrachten Blumen sind zu wunderbaren Str\u00e4u\u00dfen und Gestecken geworden.<br \/>\nDie Liedzettel sind verteilt und die ausgesuchten Kreuze sortiert.<br \/>\nSogar die Predigt steht schon weitgehend &#8230;<\/p>\n<p>Wir freuen uns auf das Fest. Und vor allem freuen wir uns \u00fcber die wunderbaren 27 Jugendlichen, die dieses Wochenende konfirmiert werden. Seid beh\u00fctet!<\/a><\/p>\n","protected":false},"excerpt":{"rendered":"<p>Starke Worte f\u00fcr unsere Konfis. Selbst gestaltet im kreativen Abschlussprojekt: Graffitis zu den Konfi-Spr\u00fcchen. \u00dcberall in unserer Kirche erz\u00e4hlen sie davon, was den Konfis wichtig ist. Am Samstag und Sonntag feiern wir Konfirmation. Jetzt ist alles bereit. Die mitgebrachten Blumen sind zu wunderbaren Str\u00e4u\u00dfen und Gestecken geworden. Die Liedzettel sind verteilt und die ausgesuchten Kreuze sortiert. Sogar die Predigt steht schon weitgehend &#8230; Wir freuen uns auf das Fest. Und vor allem freuen wir uns \u00fcber die wunderbaren 27 Jugendlichen, die dieses Wochenende konfirmiert werden. Seid beh\u00fctet! HAVENKIRCHE@FB Starke Worte f\u00fcr unsere Konfis. Selbst gestaltet im kreativen Abschlussprojekt: Graffitis zu&#8230;<\/p>\n","protected":false},"author":6,"featured_media":0,"comment_status":"false","ping_status":"open","sticky":false,"template":"","format":"standard","meta":{"footnotes":""},"categories":[75],"tags":[76],"class_list":["post-23913","post","type-post","status-publish","format-standard","hentry","category-havenkirche","tag-havenkirche"],"_links":{"self":[{"href":"https:\/\/christusnews.de\/site\/wp-json\/wp\/v2\/posts\/23913","targetHints":{"allow":["GET"]}}],"collection":[{"href":"https:\/\/christusnews.de\/site\/wp-json\/wp\/v2\/posts"}],"about":[{"href":"https:\/\/christusnews.de\/site\/wp-json\/wp\/v2\/types\/post"}],"author":[{"embeddable":true,"href":"https:\/\/christusnews.de\/site\/wp-json\/wp\/v2\/users\/6"}],"replies":[{"embeddable":true,"href":"https:\/\/christusnews.de\/site\/wp-json\/wp\/v2\/comments?post=23913"}],"version-history":[{"count":1,"href":"https:\/\/christusnews.de\/site\/wp-json\/wp\/v2\/posts\/23913\/revisions"}],"predecessor-version":[{"id":23914,"href":"https:\/\/christusnews.de\/site\/wp-json\/wp\/v2\/posts\/23913\/revisions\/23914"}],"wp:attachment":[{"href":"https:\/\/christusnews.de\/site\/wp-json\/wp\/v2\/media?parent=23913"}],"wp:term":[{"taxonomy":"category","embeddable":true,"href":"https:\/\/christusnews.de\/site\/wp-json\/wp\/v2\/categories?post=23913"},{"taxonomy":"post_tag","embeddable":true,"href":"https:\/\/christusnews.de\/site\/wp-json\/wp\/v2\/tags?post=23913"}],"curies":[{"name":"wp","href":"https:\/\/api.w.org\/{rel}","templated":true}]}}