{"id":23924,"date":"2023-04-23T16:20:00","date_gmt":"2023-04-23T14:20:00","guid":{"rendered":"https:\/\/christusnews.de\/site\/kommentierung-von-neuen-wochenliedern-als-gruss-zum-60-geburtstag-von-altbischof-jan-janssen\/"},"modified":"2023-04-23T23:17:55","modified_gmt":"2023-04-23T21:17:55","slug":"kommentierung-von-neuen-wochenliedern-als-gruss-zum-60-geburtstag-von-altbischof-jan-janssen","status":"publish","type":"post","link":"https:\/\/christusnews.de\/site\/kommentierung-von-neuen-wochenliedern-als-gruss-zum-60-geburtstag-von-altbischof-jan-janssen\/","title":{"rendered":"Kommentierung von neuen Wochenliedern als Gru\u00df zum 60. Geburtstag von Altbischof Jan Janssen"},"content":{"rendered":"<p>Als Gru\u00df zum 60. Geburtstag von Altbischof Jan Janssen (geb. am 23. April 1963) erscheint jetzt unter dem Titel \u201eIch lobe meinen Gott, der aus der Tiefe mich holt\u201c eine Kommentierung von 32 Liedern aus dem Erg\u00e4nzungsheft \u201eLieder und Psalmen f\u00fcr den Gottesdienst, Erg\u00e4nzungsheft zum Evangelischen Gesangbuch (EG.E)\u201c. Mit diesen hymnologischen Kommentaren zu den neuen Wochenliedern, die als Erg\u00e4nzungsband zur Liederkunde des Evangelischen Gesangbuchs bei Vandenhoeck &amp; Ruprecht erscheinen, solle gew\u00fcrdigt werden, dass sich Jan Janssen in seinen verschiedenen kirchlichen \u00c4mtern immer der Pflege einer weltoffenen evangelischen Fr\u00f6mmigkeit als Herzensanliegen gewidmet habe, so die Oldenburger Landeskirchenmusikdirektorin Beate Besser. Sie geh\u00f6rt neben Dr. Ilsabe Alpermann, \u00c4btissin im Kloster Heiligengrabe, Dr. Martin Evang aus Hannover und Prof. Dr. Harald Schroeter-Wittke aus Paderborn zu den Herausgeber*innen der Publikation.&nbsp;<\/p>\n<p>Aus Anlass des 60. Geburtstages von Jan Janssen seien Weggef\u00e4hrtinnen und -gef\u00e4hrten gebeten worden, eines der 32 Wochenlieder au\u00dferhalb des Stammteils des Evangelischen Gesangbuchs zu kommentieren, so Landeskirchenmusikdirektorin Besser. Janssen habe auch selbst immer wieder neue Lieder gedichtet, am bekanntesten sei vermutlich sein Shanty \u201eVon weitem\u201c (2008): \u201eHeute mal wieder schwere See\u201c (freiT\u00f6ne 2017, Nr. 36).<\/p>\n<p>Der Oldenburger Bischof Thomas Adomeit betonte anl\u00e4sslich des 60. Geburtstages seines Amtsvorg\u00e4ngers, dass er sich sehr dar\u00fcber freue, dass mit der Kommentierung zu den neuen Wochenliedern das Herzensanliegen von Jan Janssen, das Evangelium zu den Menschen zu bringen, deutlich und gew\u00fcrdigt werde. Mit manchen Texten habe Jan Janssen selbst das Liedgut bereichert. \u201eGegenwartsbezogen, hoffnungsvoll und manchmal auch mit Bezug zur norddeutschen Heimat und ihren Eigenheiten macht Jan Janssen die biblische Liebesgeschichte von Gott und seinen Gesch\u00f6pfen neu erfahrbar. Sch\u00f6ne Texte und passende Melodien laden ein, in das gesungene Lob einzustimmen.\u201c Die dichten Formulierungen w\u00fcrden auch beim mehrmaligen Lesen und Singen nicht langweilig, sondern erm\u00f6glichten, unterschiedliche Stimmungen gleichzeitig miteinander zu Geh\u00f6r zu bringen, so Adomeit. \u201eHerzlichen Gl\u00fcckwunsch zum Geburtstag \u2013 und Dank f\u00fcr die Geschenke, die uns Jan Jassen mit seinen vertonten Dichtungen bereitet hat.\u201c<\/p>\n<p>Inhalte aus der rund 250-seitigen Kommentierung zu den neuen Wochenliedern werden am Sonntag, 30. April, der \u00d6ffentlichkeit vorgestellt. Um 19 Uhr findet in der Evangelischen Kirche Wangerooge ein Liederabend zum Mitsingen und Hinh\u00f6ren statt, an dem auch die Herausgeber*innen der Publikation mitwirken.<\/p>\n<p>2018 ist die neue \u201eOrdnung gottesdienstlicher Texte und Lieder\u201c eingef\u00fchrt worden, bei der jeder Sonntag mit zwei Wochenliedern bedacht wurde, von denen zumeist eines aus j\u00fcngerer Zeit stammt. Dabei seien auch 32 Lieder ausgew\u00e4hlt worden, die nicht im bisherigen Stammteil des Evangelischen Gesangbuchs enthalten waren und im \u201eEG.E\u201c bei der Evangelischen Verlagsanstalt, Leipzig, erschienen, so Beate Besser.<\/p>\n<p><strong>Jan Janssen: seit 2021 Inselpastor auf Wangerooge<\/strong><br \/>\nDer im April 1963 in Bad Bevensen geborene und an der friesischen K\u00fcste aufgewachsene Jan Janssen war Gemeindepfarrer in Wiefelstede (1994 bis 1996) und in der Christus- und Garnisonkirche in Wilhelmshaven (1997 bis 2002). Von 2002 bis 2008 war er Kirchentagspastor des Deutschen Evangelischen Kirchentags. 2008 wurde Janssen zum Bischof der Ev.-Luth. Kirche in Oldenburg gew\u00e4hlt und am 29. September 2008 ins Bischofsamt eingef\u00fchrt. Im November 2017 erkl\u00e4rte Janssen seinen Verzicht auf das Bischofsamt und gab nach gut neun Jahren die Verantwortung in diesem Leitungsamt ab. Im Herbst 2018 \u00fcbernahm er als Seemannspastor die Stationsleitung der Deutschen Seemannsmission e.V. (DSM) in Rotterdam (Niederlande). Am 6. September 2021 w\u00e4hlte ihn der Gemeinderat der Kirchengemeinde Wangerooge mit einer Zwei-Drittel-Mehrheit zum neuen Inselpastor auf Wangerooge. Ende Dezember 2021 \u00fcbernahm Janssen das Pfarramt, die offizielle Einf\u00fchrung fand Anfang Februar 2022 statt.<br \/>\n&nbsp;<\/p>\n<p>Kirche-Oldenburg<br \/>\n<a href=\"https:\/\/www.kirche-oldenburg.de\/\/aktuell\/artikel\/kommentierung-von-neuen-wochenliedern-als-gruss-zum-60-geburtstag-von-altbischof-jan-janssen\" target=\"_blank\" rel=\"noopener\">Kommentierung von neuen Wochenliedern als Gru\u00df zum 60. Geburtstag von Altbischof Jan Janssen<\/a><\/p>\n","protected":false},"excerpt":{"rendered":"<p>Als Gru\u00df zum 60. Geburtstag von Altbischof Jan Janssen (geb. am 23. April 1963) erscheint jetzt unter dem Titel \u201eIch lobe meinen Gott, der aus der Tiefe mich holt\u201c eine Kommentierung von 32 Liedern aus dem Erg\u00e4nzungsheft \u201eLieder und Psalmen f\u00fcr den Gottesdienst, Erg\u00e4nzungsheft zum Evangelischen Gesangbuch (EG.E)\u201c. Mit diesen hymnologischen Kommentaren zu den neuen Wochenliedern, die als Erg\u00e4nzungsband zur Liederkunde des Evangelischen Gesangbuchs bei Vandenhoeck &amp; Ruprecht erscheinen, solle gew\u00fcrdigt werden, dass sich Jan Janssen in seinen verschiedenen kirchlichen \u00c4mtern immer der Pflege einer weltoffenen evangelischen Fr\u00f6mmigkeit als Herzensanliegen gewidmet habe, so die Oldenburger Landeskirchenmusikdirektorin Beate Besser. Sie geh\u00f6rt&#8230;<\/p>\n","protected":false},"author":7,"featured_media":0,"comment_status":"false","ping_status":"open","sticky":false,"template":"","format":"standard","meta":{"footnotes":""},"categories":[43],"tags":[44],"class_list":["post-23924","post","type-post","status-publish","format-standard","hentry","category-kirche-oldenburg","tag-kirche-oldenburg"],"_links":{"self":[{"href":"https:\/\/christusnews.de\/site\/wp-json\/wp\/v2\/posts\/23924","targetHints":{"allow":["GET"]}}],"collection":[{"href":"https:\/\/christusnews.de\/site\/wp-json\/wp\/v2\/posts"}],"about":[{"href":"https:\/\/christusnews.de\/site\/wp-json\/wp\/v2\/types\/post"}],"author":[{"embeddable":true,"href":"https:\/\/christusnews.de\/site\/wp-json\/wp\/v2\/users\/7"}],"replies":[{"embeddable":true,"href":"https:\/\/christusnews.de\/site\/wp-json\/wp\/v2\/comments?post=23924"}],"version-history":[{"count":1,"href":"https:\/\/christusnews.de\/site\/wp-json\/wp\/v2\/posts\/23924\/revisions"}],"predecessor-version":[{"id":23925,"href":"https:\/\/christusnews.de\/site\/wp-json\/wp\/v2\/posts\/23924\/revisions\/23925"}],"wp:attachment":[{"href":"https:\/\/christusnews.de\/site\/wp-json\/wp\/v2\/media?parent=23924"}],"wp:term":[{"taxonomy":"category","embeddable":true,"href":"https:\/\/christusnews.de\/site\/wp-json\/wp\/v2\/categories?post=23924"},{"taxonomy":"post_tag","embeddable":true,"href":"https:\/\/christusnews.de\/site\/wp-json\/wp\/v2\/tags?post=23924"}],"curies":[{"name":"wp","href":"https:\/\/api.w.org\/{rel}","templated":true}]}}