{"id":23941,"date":"2023-04-23T12:19:00","date_gmt":"2023-04-23T10:19:00","guid":{"rendered":"https:\/\/christusnews.de\/site\/kommentierte-wochenlieder-als-gruss-zum-geburtstag-von-jan-janssen\/"},"modified":"2023-04-24T23:18:49","modified_gmt":"2023-04-24T21:18:49","slug":"kommentierte-wochenlieder-als-gruss-zum-geburtstag-von-jan-janssen","status":"publish","type":"post","link":"https:\/\/christusnews.de\/site\/kommentierte-wochenlieder-als-gruss-zum-geburtstag-von-jan-janssen\/","title":{"rendered":"Kommentierte Wochenlieder als Gru\u00df zum Geburtstag von Jan Janssen"},"content":{"rendered":"<p class=\"MsoPlainText\">Oldenburg (epd). Anl\u00e4sslich des 60. Geburtstags des Oldenburger Altbischof Jan Janssen (geb. am 23. April 1963) erscheint jetzt das Buch \u00abIch lobe meinen Gott, der aus der Tiefe mich holt\u00bb. Dabei handele es sich um eine Kommentierung von 32 Liedern aus dem Erg\u00e4nzungsheft \u00abLieder und Psalmen f\u00fcr den Gottesdienst, Erg\u00e4nzungsheft zum Evangelischen Gesangbuch\u00bb, wie die oldenburgische Kirche am Sonntag mitteilte.<\/p>\n<p class=\"MsoPlainText\">&nbsp;<\/p>\n<p class=\"MsoPlainText\">Das Buch solle w\u00fcrdigen, dass sich Jan Janssen in seinen verschiedenen kirchlichen \u00c4mtern immer der Pflege einer weltoffenen evangelischen Fr\u00f6mmigkeit als Herzensanliegen gewidmet habe, sagte die Oldenburger Landeskirchenmusikdirektorin Beate Besser. Sie geh\u00f6rt den Angaben zufolge neben Ilsabe Alpermann, \u00c4btissin im Kloster Heiligengrabe, Martin Evang aus Hannover und Harald Schroeter-Wittke aus Paderborn zu den Herausgebern und Herausgeberinnen der Publikation.<\/p>\n<p class=\"MsoPlainText\">&nbsp;<\/p>\n<p class=\"MsoPlainText\">Aus Anlass des 60. Geburtstages von Jan Janssen seien Weggef\u00e4hrtinnen und -gef\u00e4hrten gebeten worden, eines der 32 Wochenlieder au\u00dferhalb des Stammteils des Evangelischen Gesangbuchs zu kommentieren, erl\u00e4uterte Besser. Janssen habe auch selbst immer wieder neue Lieder gedichtet, am bekanntesten sei vermutlich sein Shanty \u00abVon weitem\u00bb (2008): \u00abHeute mal wieder schwere See\u00bb (freiT\u00f6ne 2017, Nr. 36).<\/p>\n<p class=\"MsoPlainText\">&nbsp;<\/p>\n<p class=\"MsoPlainText\">Der Oldenburger Bischof Thomas Adomeit betonte anl\u00e4sslich des 60. Geburtstages seines Amtsvorg\u00e4ngers, Janssens Antrieb, das Evangelium zu den Menschen zu bringen, werde mit dem Buch deutlich und gew\u00fcrdigt. Inhalte aus dem rund 250-seitigen Werk werden am Sonntag, 30. April, der \u00d6ffentlichkeit vorgestellt. Um 19 Uhr findet in der Evangelischen Kirche Wangerooge ein Liederabend zum Mitsingen und Hinh\u00f6ren statt. Seit 2021 ist Jan Janssen Inselpastor auf Wangerooge.<\/p>\n<p>Kirche-Oldenburg<br \/>\n<a href=\"https:\/\/www.kirche-oldenburg.de\/\/aktuell\/news-niedersachsen\/artikel\/kommentierte-wochenlieder-als-gruss-zum-geburtstag-von-jan-janssen\" target=\"_blank\" rel=\"noopener\">Kommentierte Wochenlieder als Gru\u00df zum Geburtstag von Jan Janssen<\/a><\/p>\n","protected":false},"excerpt":{"rendered":"<p>Oldenburg (epd). Anl\u00e4sslich des 60. Geburtstags des Oldenburger Altbischof Jan Janssen (geb. am 23. April 1963) erscheint jetzt das Buch \u00abIch lobe meinen Gott, der aus der Tiefe mich holt\u00bb. Dabei handele es sich um eine Kommentierung von 32 Liedern aus dem Erg\u00e4nzungsheft \u00abLieder und Psalmen f\u00fcr den Gottesdienst, Erg\u00e4nzungsheft zum Evangelischen Gesangbuch\u00bb, wie die oldenburgische Kirche am Sonntag mitteilte. &nbsp; Das Buch solle w\u00fcrdigen, dass sich Jan Janssen in seinen verschiedenen kirchlichen \u00c4mtern immer der Pflege einer weltoffenen evangelischen Fr\u00f6mmigkeit als Herzensanliegen gewidmet habe, sagte die Oldenburger Landeskirchenmusikdirektorin Beate Besser. Sie geh\u00f6rt den Angaben zufolge neben Ilsabe Alpermann, \u00c4btissin&#8230;<\/p>\n","protected":false},"author":7,"featured_media":0,"comment_status":"false","ping_status":"open","sticky":false,"template":"","format":"standard","meta":{"footnotes":""},"categories":[43],"tags":[44],"class_list":["post-23941","post","type-post","status-publish","format-standard","hentry","category-kirche-oldenburg","tag-kirche-oldenburg"],"_links":{"self":[{"href":"https:\/\/christusnews.de\/site\/wp-json\/wp\/v2\/posts\/23941","targetHints":{"allow":["GET"]}}],"collection":[{"href":"https:\/\/christusnews.de\/site\/wp-json\/wp\/v2\/posts"}],"about":[{"href":"https:\/\/christusnews.de\/site\/wp-json\/wp\/v2\/types\/post"}],"author":[{"embeddable":true,"href":"https:\/\/christusnews.de\/site\/wp-json\/wp\/v2\/users\/7"}],"replies":[{"embeddable":true,"href":"https:\/\/christusnews.de\/site\/wp-json\/wp\/v2\/comments?post=23941"}],"version-history":[{"count":1,"href":"https:\/\/christusnews.de\/site\/wp-json\/wp\/v2\/posts\/23941\/revisions"}],"predecessor-version":[{"id":23942,"href":"https:\/\/christusnews.de\/site\/wp-json\/wp\/v2\/posts\/23941\/revisions\/23942"}],"wp:attachment":[{"href":"https:\/\/christusnews.de\/site\/wp-json\/wp\/v2\/media?parent=23941"}],"wp:term":[{"taxonomy":"category","embeddable":true,"href":"https:\/\/christusnews.de\/site\/wp-json\/wp\/v2\/categories?post=23941"},{"taxonomy":"post_tag","embeddable":true,"href":"https:\/\/christusnews.de\/site\/wp-json\/wp\/v2\/tags?post=23941"}],"curies":[{"name":"wp","href":"https:\/\/api.w.org\/{rel}","templated":true}]}}